{"id":537,"date":"2015-01-14T21:34:32","date_gmt":"2015-01-14T21:34:32","guid":{"rendered":""},"modified":"2018-06-04T09:37:32","modified_gmt":"2018-06-04T07:37:32","slug":"les-3emes-d-critiques-litteraires-de-poesie-contemporaine","status":"publish","type":"post","link":"https:\/\/www.clg-moliere-ivry.fr\/?p=537","title":{"rendered":"Les 3\u00e8mes D : critiques litt\u00e9raires de po\u00e9sie contemporaine."},"content":{"rendered":"<p><img loading=\"lazy\" decoding=\"async\" style=\"margin: 10px;\" src=\"images\/valraimbault\/Biennale_des_po\u00e8tes_du_val_de_marne.jpg\" alt=\"Biennale des po\u00e8tes du val de marne\" width=\"225\" height=\"300\" \/><\/p>\n<p style=\"border: 0px; font-family: Arial, Helvetica, sans-serif; font-size: 14px; line-height: 21px; margin: 1.6em 0px; padding-top: 0px; padding-bottom: 0px; vertical-align: baseline; color: #404040; background-color: #ffffff; text-align: justify;\">Cette ann\u00e9e, dans le cadre du cours de fran\u00e7ais, les \u00e9l\u00e8ves de la classe de 3\u00e8me D participent au <span style=\"color: #800000;\">Prix de po\u00e9sie des coll\u00e9giens du Val de Marne<\/span> organis\u00e9 depuis quatre ans par la Biennale des po\u00e8tes.<\/p>\n<p style=\"border: 0px; font-family: Arial, Helvetica, sans-serif; font-size: 14px; line-height: 21px; margin: 1.6em 0px; padding-top: 0px; padding-bottom: 0px; vertical-align: baseline; color: #404040; background-color: #ffffff;\"><span style=\"border: 0px; font-family: inherit; font-size: inherit; font-style: inherit; font-variant: inherit; font-weight: bold; line-height: inherit; margin: 0px; padding: 0px; vertical-align: baseline;\"><span style=\"color: #800000;\">OBJECTIF DU PRIX<\/span><br \/>\n<\/span><\/p>\n<p style=\"border: 0px; font-family: Arial, Helvetica, sans-serif; font-size: 14px; line-height: 21px; margin: 1.6em 0px; padding-top: 0px; padding-bottom: 0px; vertical-align: baseline; color: #404040; background-color: #ffffff; text-align: justify;\">L\u2019objectif est de faire d\u00e9couvrir la po\u00e9sie contemporaine aux coll\u00e9giens \u00e0 travers cinq recueils repr\u00e9sentant les diff\u00e9rentes tendances de l\u2019\u00e9criture po\u00e9tique aujourd\u2019hui.\u00a0 Chaque classe choisit un po\u00e8te et c\u2019est le po\u00e8te qui a eu le plus grand nombre de voix, toutes classes confondues, qui obtient le prix.<\/p>\n<p style=\"border: 0px; font-family: Arial, Helvetica, sans-serif; font-size: 14px; line-height: 21px; margin: 1.6em 0px; padding-top: 0px; padding-bottom: 0px; vertical-align: baseline; color: #404040; background-color: #ffffff; text-align: justify;\">D\u00e9cerner un prix implique et motive les \u00e9l\u00e8ves. C\u2019est un challenge qui encourage les \u00e9l\u00e8ves \u00e0 se passionner. Il aiguise leur esprit critique et les responsabilise. Il a de surcro\u00eet l\u2019avantage d\u2019\u00eatre \u00e0 la fois un atelier d\u2019\u00e9criture po\u00e9tique et critique et une initiation \u00e0 la lecture \u00e0 haute voix.<\/p>\n<p style=\"border: 0px; font-family: Arial, Helvetica, sans-serif; font-size: 14px; line-height: 21px; margin: 1.6em 0px; padding-top: 0px; padding-bottom: 0px; vertical-align: baseline; color: #404040; background-color: #ffffff; text-align: justify;\"><span style=\"background-color: transparent;\">Une dizaine de classes de 10 coll\u00e8ges situ\u00e9s dans 10 villes diff\u00e9rentes du Val-de-Marne y participent.<\/span><\/p>\n<p style=\"border: 0px; font-family: Arial, Helvetica, sans-serif; font-size: 14px; line-height: 21px; margin: 1.6em 0px; padding-top: 0px; padding-bottom: 0px; vertical-align: baseline; color: #404040; background-color: #ffffff; text-align: justify;\"><span style=\"color: #800000; font-family: inherit; font-size: inherit; font-style: inherit; font-variant: inherit; font-weight: bold; line-height: inherit; background-color: transparent;\">DEROULEMENT<\/span><\/p>\n<p style=\"border: 0px; font-family: Arial, Helvetica, sans-serif; font-size: 14px; line-height: 21px; margin: 1.6em 0px; padding-top: 0px; padding-bottom: 0px; vertical-align: baseline; color: #404040; background-color: #ffffff; text-align: justify;\">Chaque classe re\u00e7oit 8 exemplaires de chacun des 5 titres pr\u00e9s\u00e9lectionn\u00e9s par un jury d\u2019auteurs, de professeurs et documentalistes, de repr\u00e9sentants de l\u2019acad\u00e9mie de Cr\u00e9teil, de libraires, de biblioth\u00e9caires et de l\u2019\u00e9quipe de la Biennale.<\/p>\n<p style=\"border: 0px; font-family: Arial, Helvetica, sans-serif; font-size: 14px; line-height: 21px; margin: 1.6em 0px; padding-top: 0px; padding-bottom: 0px; vertical-align: baseline; color: #404040; background-color: #ffffff; text-align: justify;\"><span style=\"background-color: transparent;\"><span style=\"color: #404040; font-family: Arial, Helvetica, sans-serif;\"><span style=\"font-size: 14px; line-height: 21px;\">La classe de 3\u00e8me D accueillera ainsi la\u00a0po\u00e9tesse\u00a0argentine Roxana Paez, de janvier \u00e0 mai pendant 5 s\u00e9ances de\u00a02 heures. La po\u00e9tesse aidera les \u00e9l\u00e8ves \u00e0 s\u2019approprier les recueils en les initiant aux diff\u00e9rentes tendances de la po\u00e9sie contemporaine, aux \u0153uvres des po\u00e8tes en lice, en lisant et en \u00e9crivant avec eux.<\/span><\/span><\/span><\/p>\n<p style=\"border: 0px; font-family: Arial, Helvetica, sans-serif; font-size: 14px; line-height: 21px; margin: 1.6em 0px; padding-top: 0px; padding-bottom: 0px; vertical-align: baseline; color: #404040; background-color: #ffffff; text-align: justify;\">La remise du quatri\u00e8me Prix aura lieu le mercredi 3 juin 2015 de 10h \u00e0 12h au Th\u00e9\u00e2tre Antoine Vitez (Ivry-sur-Seine) dans le cadre de la treizi\u00e8me Biennale\u00a0en pr\u00e9sence de tous les \u00e9l\u00e8ves, des professeurs, des po\u00e8tes intervenants, des cinq po\u00e8tes en lice et de quelques po\u00e8tes fran\u00e7ais et \u00e9trangers invit\u00e9s au festival.<\/p>\n<p style=\"border: 0px; font-family: Arial, Helvetica, sans-serif; font-size: 14px; line-height: 21px; margin: 1.6em 0px; padding-top: 0px; padding-bottom: 0px; vertical-align: baseline; color: #404040; background-color: #ffffff;\"><span style=\"border: 0px; font-family: inherit; font-size: inherit; font-style: inherit; font-variant: inherit; font-weight: bold; line-height: inherit; margin: 0px; padding: 0px; vertical-align: baseline; color: #800000;\">LE PRIX\u00a0<\/span><\/p>\n<p style=\"border: 0px; font-family: Arial, Helvetica, sans-serif; font-size: 14px; line-height: 21px; margin: 1.6em 0px; padding-top: 0px; padding-bottom: 0px; vertical-align: baseline; color: #404040; background-color: #ffffff; text-align: justify;\">La Biennale publiera un recueil in\u00e9dit du po\u00e8te laur\u00e9at. Ce recueil sera remis \u00e0 tous les \u00e9l\u00e8ves participant au prix l\u2019ann\u00e9e suivante.<\/p>\n<p style=\"border: 0px; font-family: Arial, Helvetica, sans-serif; font-size: 14px; line-height: 21px; margin: 1.6em 0px; padding-top: 0px; padding-bottom: 0px; vertical-align: baseline; color: #404040; background-color: #ffffff;\"><span style=\"border: 0px; font-family: inherit; font-size: inherit; font-style: inherit; font-variant: inherit; font-weight: bold; line-height: inherit; margin: 0px; padding: 0px; vertical-align: baseline; color: #800000;\">LES CINQ RECUEILS EN LICE POUR LE QUATRI\u00c8ME PRIX<\/span><\/p>\n<p style=\"border: 0px; font-family: Arial, Helvetica, sans-serif; font-size: 14px; line-height: 21px; margin: 1.6em 0px; padding-top: 0px; padding-bottom: 0px; vertical-align: baseline; color: #404040; background-color: #ffffff; text-align: justify;\"><em style=\"border: 0px; font-family: inherit; font-size: inherit; font-variant: inherit; font-weight: inherit; line-height: inherit; margin: 0px; padding: 0px; vertical-align: baseline;\">G<\/em>enevi\u00e8ve Huttin,\u00a0<em style=\"border: 0px; font-family: inherit; font-size: inherit; font-variant: inherit; font-weight: inherit; line-height: inherit; margin: 0px; padding: 0px; vertical-align: baseline;\">Une petite lettre \u00e0 votre m\u00e8re,\u00a0<\/em>Le Pr\u00e9au des Collines, 2014<\/p>\n<p style=\"border: 0px; font-family: Arial, Helvetica, sans-serif; font-size: 14px; line-height: 21px; margin: 1.6em 0px; padding-top: 0px; padding-bottom: 0px; vertical-align: baseline; color: #404040; background-color: #ffffff; text-align: justify;\">Emmanuel Laugier,<em style=\"border: 0px; font-family: inherit; font-size: inherit; font-variant: inherit; font-weight: inherit; line-height: inherit; margin: 0px; padding: 0px; vertical-align: baseline;\">\u00a0ltmw<\/em>, Nous, 2013<\/p>\n<p style=\"border: 0px; font-family: Arial, Helvetica, sans-serif; font-size: 14px; line-height: 21px; margin: 1.6em 0px; padding-top: 0px; padding-bottom: 0px; vertical-align: baseline; color: #404040; background-color: #ffffff; text-align: justify;\">Fr\u00e9d\u00e9rique Gu\u00e9tat-Liviani,\u00a0<em style=\"border: 0px; font-family: inherit; font-size: inherit; font-variant: inherit; font-weight: inherit; line-height: inherit; margin: 0px; padding: 0px; vertical-align: baseline;\">Le Premier arrondissement<\/em>, \u00e9ditions Sitaudis, 2013<\/p>\n<p style=\"border: 0px; font-family: Arial, Helvetica, sans-serif; font-size: 14px; line-height: 21px; margin: 1.6em 0px; padding-top: 0px; padding-bottom: 0px; vertical-align: baseline; color: #404040; background-color: #ffffff; text-align: justify;\">Fr\u00e9d\u00e9ric Boyer,\u00a0<em style=\"border: 0px; font-family: inherit; font-size: inherit; font-variant: inherit; font-weight: inherit; line-height: inherit; margin: 0px; padding: 0px; vertical-align: baseline;\">Dans ma prairie<\/em>, P.O.L, 2014<\/p>\n<p style=\"border: 0px; font-family: Arial, Helvetica, sans-serif; font-size: 14px; line-height: 21px; margin: 1.6em 0px; padding-top: 0px; padding-bottom: 0px; vertical-align: baseline; color: #404040; background-color: #ffffff; text-align: justify;\">Jean-Louis Giovannoni,\u00a0<em style=\"border: 0px; font-family: inherit; font-size: inherit; font-variant: inherit; font-weight: inherit; line-height: inherit; margin: 0px; padding: 0px; vertical-align: baseline;\">Issue de retour<\/em>, Unes, 2013<\/p>\n","protected":false},"excerpt":{"rendered":"<p>Cette ann\u00e9e, dans le cadre du cours de fran\u00e7ais, les \u00e9l\u00e8ves de la classe de 3\u00e8me D participent au Prix de po\u00e9sie des coll\u00e9giens du Val de Marne organis\u00e9 depuis quatre ans par la Biennale des po\u00e8tes. OBJECTIF DU PRIX L\u2019objectif est de faire d\u00e9couvrir la po\u00e9sie contemporaine aux coll\u00e9giens \u00e0 travers cinq recueils repr\u00e9sentant [&hellip;]<\/p>\n","protected":false},"author":1,"featured_media":1231,"comment_status":"closed","ping_status":"closed","sticky":false,"template":"","format":"standard","meta":{"footnotes":""},"categories":[44,46,15],"tags":[],"class_list":{"0":"post-537","1":"post","2":"type-post","3":"status-publish","4":"format-standard","5":"has-post-thumbnail","7":"category-2013-2017","8":"category-archives","9":"category-projetspeda","10":"czr-hentry"},"_links":{"self":[{"href":"https:\/\/www.clg-moliere-ivry.fr\/index.php?rest_route=\/wp\/v2\/posts\/537"}],"collection":[{"href":"https:\/\/www.clg-moliere-ivry.fr\/index.php?rest_route=\/wp\/v2\/posts"}],"about":[{"href":"https:\/\/www.clg-moliere-ivry.fr\/index.php?rest_route=\/wp\/v2\/types\/post"}],"author":[{"embeddable":true,"href":"https:\/\/www.clg-moliere-ivry.fr\/index.php?rest_route=\/wp\/v2\/users\/1"}],"replies":[{"embeddable":true,"href":"https:\/\/www.clg-moliere-ivry.fr\/index.php?rest_route=%2Fwp%2Fv2%2Fcomments&post=537"}],"version-history":[{"count":2,"href":"https:\/\/www.clg-moliere-ivry.fr\/index.php?rest_route=\/wp\/v2\/posts\/537\/revisions"}],"predecessor-version":[{"id":1232,"href":"https:\/\/www.clg-moliere-ivry.fr\/index.php?rest_route=\/wp\/v2\/posts\/537\/revisions\/1232"}],"wp:featuredmedia":[{"embeddable":true,"href":"https:\/\/www.clg-moliere-ivry.fr\/index.php?rest_route=\/wp\/v2\/media\/1231"}],"wp:attachment":[{"href":"https:\/\/www.clg-moliere-ivry.fr\/index.php?rest_route=%2Fwp%2Fv2%2Fmedia&parent=537"}],"wp:term":[{"taxonomy":"category","embeddable":true,"href":"https:\/\/www.clg-moliere-ivry.fr\/index.php?rest_route=%2Fwp%2Fv2%2Fcategories&post=537"},{"taxonomy":"post_tag","embeddable":true,"href":"https:\/\/www.clg-moliere-ivry.fr\/index.php?rest_route=%2Fwp%2Fv2%2Ftags&post=537"}],"curies":[{"name":"wp","href":"https:\/\/api.w.org\/{rel}","templated":true}]}}