{"id":540,"date":"2015-01-22T14:30:43","date_gmt":"2015-01-22T14:30:43","guid":{"rendered":""},"modified":"2018-06-01T12:05:04","modified_gmt":"2018-06-01T10:05:04","slug":"sortie-au-marche-de-noel-de-treves-en-allemagne","status":"publish","type":"post","link":"https:\/\/www.clg-moliere-ivry.fr\/?p=540","title":{"rendered":"Sortie au march\u00e9 de No\u00ebl de Tr\u00e8ves en Allemagne"},"content":{"rendered":"<p><span style=\"font-size: 12pt;\"><strong>L<\/strong><\/span><span style=\"font-size: 12pt;\"><strong><span style=\"font-size: 12pt;\">e<\/span>s \u00e9l\u00e8ves bilangues de 4 \u00e8me et 3 \u00e8me du coll\u00e8ge sont partis \u00e0 Tr\u00e8ves (en Allemagne) le 5 d\u00e9cembre 2014 pour visiter la ville et d\u00e9couvrir le march\u00e9 de No\u00ebl.<\/strong><\/span><\/p>\n<p><span style=\"font-size: 12pt;\"><strong>Les \u00e9l\u00e8ves ont eux-m\u00eames jou\u00e9 les guides dans la ville et ont pr\u00e9sent\u00e9 les diff\u00e9rents monuments et lieux touristiques. Nous avons tous mang\u00e9 sur le march\u00e9 de No\u00ebl et c&rsquo;\u00e9tait l&rsquo;occasion pour les \u00e9l\u00e8ves de d\u00e9couvrir les sp\u00e9cialit\u00e9s culinaires allemandes (B<em>ratwurst, Reibekuchen, Kindergl\u00fchwein..<\/em>.)<\/strong><\/span><\/p>\n<p><span style=\"font-size: 12pt;\"><strong>Apr\u00e8s le d\u00e9jeuner, les \u00e9l\u00e8ves ont fait en groupes de 3 ou 4 un rallye dans la ville. Ils avaient un parcours et devaient retrouver des informations demand\u00e9es sur la ville et les coutumes allemandes en g\u00e9n\u00e9ral. Ce rallye \u00e9tait pour eux l&rsquo;occasion de poser des questions aux Allemands dans la rue. La journ\u00e9e s&rsquo;est achev\u00e9e sur un temps libre d&rsquo;une heure afin que les \u00e9l\u00e8ves puissent faire leur petits achats de No\u00ebl sur le march\u00e9 ou dans les boutiques autour.<\/strong><\/span><\/p>\n<p style=\"text-align: center;\"><span style=\"font-size: 12pt;\"><strong><a class=\"highslide\" href=\"images\/VEROPETIT\/SAM_2943.JPG\"><img decoding=\"async\" src=\"images\/VEROPETIT\/SAM_2943.JPG\" alt=\"Thumbnail image\" width=\"300\" \/><\/a><\/strong><\/span><\/p>\n<p style=\"text-align: center;\"><a class=\"highslide\" href=\"images\/VEROPETIT\/SAM_2939.JPG\"><img decoding=\"async\" src=\"images\/VEROPETIT\/SAM_2939.JPG\" alt=\"Thumbnail image\" width=\"300\" \/><\/a>\u00a0<a class=\"highslide\" href=\"images\/VEROPETIT\/SAM_2941.JPG\"><img decoding=\"async\" src=\"images\/VEROPETIT\/SAM_2941.JPG\" alt=\"Thumbnail image\" width=\"300\" \/><\/a><\/p>\n","protected":false},"excerpt":{"rendered":"<p>Les \u00e9l\u00e8ves bilangues de 4 \u00e8me et 3 \u00e8me du coll\u00e8ge sont partis \u00e0 Tr\u00e8ves (en Allemagne) le 5 d\u00e9cembre 2014 pour visiter la ville et d\u00e9couvrir le march\u00e9 de No\u00ebl. Les \u00e9l\u00e8ves ont eux-m\u00eames jou\u00e9 les guides dans la ville et ont pr\u00e9sent\u00e9 les diff\u00e9rents monuments et lieux touristiques. Nous avons tous mang\u00e9 sur [&hellip;]<\/p>\n","protected":false},"author":1,"featured_media":1225,"comment_status":"closed","ping_status":"closed","sticky":false,"template":"","format":"standard","meta":{"footnotes":""},"categories":[46,14],"tags":[],"class_list":{"0":"post-540","1":"post","2":"type-post","3":"status-publish","4":"format-standard","5":"has-post-thumbnail","7":"category-archives","8":"category-voyages","9":"czr-hentry"},"_links":{"self":[{"href":"https:\/\/www.clg-moliere-ivry.fr\/index.php?rest_route=\/wp\/v2\/posts\/540"}],"collection":[{"href":"https:\/\/www.clg-moliere-ivry.fr\/index.php?rest_route=\/wp\/v2\/posts"}],"about":[{"href":"https:\/\/www.clg-moliere-ivry.fr\/index.php?rest_route=\/wp\/v2\/types\/post"}],"author":[{"embeddable":true,"href":"https:\/\/www.clg-moliere-ivry.fr\/index.php?rest_route=\/wp\/v2\/users\/1"}],"replies":[{"embeddable":true,"href":"https:\/\/www.clg-moliere-ivry.fr\/index.php?rest_route=%2Fwp%2Fv2%2Fcomments&post=540"}],"version-history":[{"count":1,"href":"https:\/\/www.clg-moliere-ivry.fr\/index.php?rest_route=\/wp\/v2\/posts\/540\/revisions"}],"predecessor-version":[{"id":1226,"href":"https:\/\/www.clg-moliere-ivry.fr\/index.php?rest_route=\/wp\/v2\/posts\/540\/revisions\/1226"}],"wp:featuredmedia":[{"embeddable":true,"href":"https:\/\/www.clg-moliere-ivry.fr\/index.php?rest_route=\/wp\/v2\/media\/1225"}],"wp:attachment":[{"href":"https:\/\/www.clg-moliere-ivry.fr\/index.php?rest_route=%2Fwp%2Fv2%2Fmedia&parent=540"}],"wp:term":[{"taxonomy":"category","embeddable":true,"href":"https:\/\/www.clg-moliere-ivry.fr\/index.php?rest_route=%2Fwp%2Fv2%2Fcategories&post=540"},{"taxonomy":"post_tag","embeddable":true,"href":"https:\/\/www.clg-moliere-ivry.fr\/index.php?rest_route=%2Fwp%2Fv2%2Ftags&post=540"}],"curies":[{"name":"wp","href":"https:\/\/api.w.org\/{rel}","templated":true}]}}