{"id":553,"date":"2015-03-25T09:49:35","date_gmt":"2015-03-25T09:49:35","guid":{"rendered":""},"modified":"2018-05-29T19:17:08","modified_gmt":"2018-05-29T17:17:08","slug":"lectures-et-echanges-autour-de-la-poesie-contemporaine","status":"publish","type":"post","link":"https:\/\/www.clg-moliere-ivry.fr\/?p=553","title":{"rendered":"Lectures et \u00e9changes autour de la po\u00e9sie contemporaine"},"content":{"rendered":"<p><span style=\"font-size: 10pt;\">Les \u00e9l\u00e8ves de 3\u00e8me D poursuivent leur r\u00e9flexion sur l&rsquo;\u00e9criture po\u00e9tique d&rsquo;aujourd&rsquo;hui avec la po\u00e8te argentine Roxana Pa\u00e8z.<\/span><\/p>\n<p><span style=\"font-size: 10pt;\">Troisi\u00e8me s\u00e9ance de travail au CDI pour les 3\u00e8mes D ! Les \u00e9l\u00e8ves ont d&rsquo;ors et d\u00e9j\u00e0 d\u00e9couvert trois auteurs propos\u00e9s par la Biennale de po\u00e9sie contemporaine du Val de Marne : Fr\u00e9d\u00e9ric Boyer, Emmanuel Laugier et Jean-Louis Giovannoni. Les deux prochaines s\u00e9ances seront consacr\u00e9es \u00e0 la lecture et \u00e0 la critique des oeuvres de Genevi\u00e8ve Huttin et de Fr\u00e9d\u00e9rique Gu\u00e9tat- Liviani. Ils voteront ensuite pour leur oeuvre pr\u00e9f\u00e9r\u00e9e avant de se pr\u00e9parer \u00e0 la remise du prix qui aura lieu le mercredi 5 juin au Th\u00e9\u00e2tre Antoine Vitez. A cette occasion, les \u00e9l\u00e8ves liront des passages qu&rsquo;ils auront eux-m\u00eames \u00e9crits et des vers qu&rsquo;ils auront pr\u00e9alablement s\u00e9lectionn\u00e9s dans les oeuvres \u00e9tudi\u00e9es pendant les ateliers. Lors de ce moment, les \u00e9l\u00e8ves rencontreront des po\u00e8tes contemporains fran\u00e7ais et \u00e9trangers invit\u00e9s au festival et chacun se verra offrir un recueil in\u00e9dit de l&rsquo;auteur \u00e9lu lors de la pr\u00e9c\u00e9dente Biennale.<br \/> La Biennale publiera ensuite un recueil in\u00e9dit de l&rsquo;auteur laur\u00e9at. <br \/><\/span><\/p>\n<p><img loading=\"lazy\" decoding=\"async\" src=\"images\/valraimbault\/Biennale_po\u00e9sie_contemporaine\/WP_20150324_002.jpg\" alt=\"WP 20150324 002\" style=\"margin: 10px;\" height=\"287\" width=\"510\" \/><img loading=\"lazy\" decoding=\"async\" src=\"images\/valraimbault\/Biennale_po\u00e9sie_contemporaine\/WP_20150324_004.jpg\" alt=\"WP 20150324 004\" style=\"margin: 10px;\" height=\"286\" width=\"509\" \/><img loading=\"lazy\" decoding=\"async\" src=\"images\/valraimbault\/Biennale_po\u00e9sie_contemporaine\/WP_20150324_006.jpg\" alt=\"WP 20150324 006\" style=\"margin: 10px;\" height=\"332\" width=\"590\" \/><\/p>\n","protected":false},"excerpt":{"rendered":"<p>Les \u00e9l\u00e8ves de 3\u00e8me D poursuivent leur r\u00e9flexion sur l&rsquo;\u00e9criture po\u00e9tique d&rsquo;aujourd&rsquo;hui avec la po\u00e8te argentine Roxana Pa\u00e8z. Troisi\u00e8me s\u00e9ance de travail au CDI pour les 3\u00e8mes D ! Les \u00e9l\u00e8ves ont d&rsquo;ors et d\u00e9j\u00e0 d\u00e9couvert trois auteurs propos\u00e9s par la Biennale de po\u00e9sie contemporaine du Val de Marne : Fr\u00e9d\u00e9ric Boyer, Emmanuel Laugier et [&hellip;]<\/p>\n","protected":false},"author":1,"featured_media":0,"comment_status":"closed","ping_status":"closed","sticky":false,"template":"","format":"standard","meta":{"footnotes":""},"categories":[44,46,15],"tags":[],"class_list":{"0":"post-553","1":"post","2":"type-post","3":"status-publish","4":"format-standard","6":"category-2013-2017","7":"category-archives","8":"category-projetspeda","9":"czr-hentry"},"_links":{"self":[{"href":"https:\/\/www.clg-moliere-ivry.fr\/index.php?rest_route=\/wp\/v2\/posts\/553"}],"collection":[{"href":"https:\/\/www.clg-moliere-ivry.fr\/index.php?rest_route=\/wp\/v2\/posts"}],"about":[{"href":"https:\/\/www.clg-moliere-ivry.fr\/index.php?rest_route=\/wp\/v2\/types\/post"}],"author":[{"embeddable":true,"href":"https:\/\/www.clg-moliere-ivry.fr\/index.php?rest_route=\/wp\/v2\/users\/1"}],"replies":[{"embeddable":true,"href":"https:\/\/www.clg-moliere-ivry.fr\/index.php?rest_route=%2Fwp%2Fv2%2Fcomments&post=553"}],"version-history":[{"count":1,"href":"https:\/\/www.clg-moliere-ivry.fr\/index.php?rest_route=\/wp\/v2\/posts\/553\/revisions"}],"predecessor-version":[{"id":901,"href":"https:\/\/www.clg-moliere-ivry.fr\/index.php?rest_route=\/wp\/v2\/posts\/553\/revisions\/901"}],"wp:attachment":[{"href":"https:\/\/www.clg-moliere-ivry.fr\/index.php?rest_route=%2Fwp%2Fv2%2Fmedia&parent=553"}],"wp:term":[{"taxonomy":"category","embeddable":true,"href":"https:\/\/www.clg-moliere-ivry.fr\/index.php?rest_route=%2Fwp%2Fv2%2Fcategories&post=553"},{"taxonomy":"post_tag","embeddable":true,"href":"https:\/\/www.clg-moliere-ivry.fr\/index.php?rest_route=%2Fwp%2Fv2%2Ftags&post=553"}],"curies":[{"name":"wp","href":"https:\/\/api.w.org\/{rel}","templated":true}]}}