{"id":554,"date":"2015-03-26T21:17:02","date_gmt":"2015-03-26T21:17:02","guid":{"rendered":""},"modified":"2019-09-06T10:26:34","modified_gmt":"2019-09-06T08:26:34","slug":"les-3emes-c-visitent-lexposition-chercher-le-garcon-au-macval","status":"publish","type":"post","link":"https:\/\/www.clg-moliere-ivry.fr\/?p=554","title":{"rendered":"Les 3\u00e8mes C visitent l&rsquo;exposition \u00ab\u00a0Chercher le gar\u00e7on\u00a0\u00bb au MACVAL"},"content":{"rendered":"<p><img loading=\"lazy\" decoding=\"async\" style=\"margin: 10px;\" src=\"images\/valraimbault\/PIE_MACVAL_AD_NAUSEAM_2015\/PIE_MAC_VAL_Chercher_le_gar\u00e7on\/pie\/2015_macval_chercher_le_garcon.jpg\" alt=\"2015 macval chercher le garcon\" width=\"294\" height=\"322\" \/><\/p>\n<p>Ce jeudi 26 mars, les \u00e9l\u00e8ves\u00a0<span style=\"background-color: transparent;\">de 3\u00e8me C ont poursuivi leur travail dans le cadre du Projet Inter-Etablissements avec le MACVAL. Ils ont visit\u00e9 l&rsquo;exposition \u00ab\u00a0Chercher le gar\u00e7on\u00a0\u00bb qui interroge sur la masculinit\u00e9 et les mod\u00e8les \u00e9tablis.\u00a0<\/span><img loading=\"lazy\" decoding=\"async\" style=\"margin: 10px;\" src=\"images\/valraimbault\/PIE_MACVAL_AD_NAUSEAM_2015\/WP_20150326_029.jpg\" alt=\"WP 20150326 029\" width=\"412\" height=\"733\" \/><img loading=\"lazy\" decoding=\"async\" style=\"margin: 10px;\" src=\"images\/valraimbault\/PIE_MACVAL_AD_NAUSEAM_2015\/WP_20150326_030.jpg\" alt=\"WP 20150326 030\" width=\"484\" height=\"272\" \/><img loading=\"lazy\" decoding=\"async\" style=\"margin: 10px;\" src=\"images\/valraimbault\/PIE_MACVAL_AD_NAUSEAM_2015\/WP_20150326_033.jpg\" alt=\"WP 20150326 033\" width=\"519\" height=\"292\" \/><img loading=\"lazy\" decoding=\"async\" style=\"margin: 10px;\" src=\"images\/valraimbault\/PIE_MACVAL_AD_NAUSEAM_2015\/WP_20150326_036.jpg\" alt=\"WP 20150326 036\" width=\"615\" height=\"346\" \/><img loading=\"lazy\" decoding=\"async\" style=\"margin: 10px;\" src=\"images\/valraimbault\/PIE_MACVAL_AD_NAUSEAM_2015\/WP_20150326_045.jpg\" alt=\"WP 20150326 045\" width=\"513\" height=\"289\" \/><\/p>\n<p><img loading=\"lazy\" decoding=\"async\" style=\"margin: 10px;\" src=\"images\/valraimbault\/PIE_MACVAL_AD_NAUSEAM_2015\/WP_20150326_044.jpg\" alt=\"WP 20150326 044\" width=\"509\" height=\"286\" \/><\/p>\n","protected":false},"excerpt":{"rendered":"<p>Ce jeudi 26 mars, les \u00e9l\u00e8ves\u00a0de 3\u00e8me C ont poursuivi leur travail dans le cadre du Projet Inter-Etablissements avec le MACVAL. Ils ont visit\u00e9 l&rsquo;exposition \u00ab\u00a0Chercher le gar\u00e7on\u00a0\u00bb qui interroge sur la masculinit\u00e9 et les mod\u00e8les \u00e9tablis.\u00a0<\/p>\n","protected":false},"author":1,"featured_media":1214,"comment_status":"closed","ping_status":"closed","sticky":false,"template":"","format":"standard","meta":{"footnotes":""},"categories":[46,7],"tags":[70],"class_list":{"0":"post-554","1":"post","2":"type-post","3":"status-publish","4":"format-standard","5":"has-post-thumbnail","7":"category-archives","8":"category-atelier-art-plastique","9":"tag-atelier-arts-plastiques","10":"czr-hentry"},"_links":{"self":[{"href":"https:\/\/www.clg-moliere-ivry.fr\/index.php?rest_route=\/wp\/v2\/posts\/554"}],"collection":[{"href":"https:\/\/www.clg-moliere-ivry.fr\/index.php?rest_route=\/wp\/v2\/posts"}],"about":[{"href":"https:\/\/www.clg-moliere-ivry.fr\/index.php?rest_route=\/wp\/v2\/types\/post"}],"author":[{"embeddable":true,"href":"https:\/\/www.clg-moliere-ivry.fr\/index.php?rest_route=\/wp\/v2\/users\/1"}],"replies":[{"embeddable":true,"href":"https:\/\/www.clg-moliere-ivry.fr\/index.php?rest_route=%2Fwp%2Fv2%2Fcomments&post=554"}],"version-history":[{"count":1,"href":"https:\/\/www.clg-moliere-ivry.fr\/index.php?rest_route=\/wp\/v2\/posts\/554\/revisions"}],"predecessor-version":[{"id":1215,"href":"https:\/\/www.clg-moliere-ivry.fr\/index.php?rest_route=\/wp\/v2\/posts\/554\/revisions\/1215"}],"wp:featuredmedia":[{"embeddable":true,"href":"https:\/\/www.clg-moliere-ivry.fr\/index.php?rest_route=\/wp\/v2\/media\/1214"}],"wp:attachment":[{"href":"https:\/\/www.clg-moliere-ivry.fr\/index.php?rest_route=%2Fwp%2Fv2%2Fmedia&parent=554"}],"wp:term":[{"taxonomy":"category","embeddable":true,"href":"https:\/\/www.clg-moliere-ivry.fr\/index.php?rest_route=%2Fwp%2Fv2%2Fcategories&post=554"},{"taxonomy":"post_tag","embeddable":true,"href":"https:\/\/www.clg-moliere-ivry.fr\/index.php?rest_route=%2Fwp%2Fv2%2Ftags&post=554"}],"curies":[{"name":"wp","href":"https:\/\/api.w.org\/{rel}","templated":true}]}}