{"id":5763,"date":"2024-04-03T10:27:08","date_gmt":"2024-04-03T08:27:08","guid":{"rendered":"http:\/\/www.clg-moliere-ivry.fr\/?p=5763"},"modified":"2024-04-03T10:28:16","modified_gmt":"2024-04-03T08:28:16","slug":"les-3emes-b-reviennent-sur-la-rencontre-avec-une-rescapee-du-genocide-rwandais","status":"publish","type":"post","link":"https:\/\/www.clg-moliere-ivry.fr\/?p=5763","title":{"rendered":"Les 3\u00e8mes B reviennent sur la rencontre avec une rescap\u00e9e du g\u00e9nocide rwandais"},"content":{"rendered":"\n<p>Les \u00e9l\u00e8ves de 3\u00e8me B ont rencontr\u00e9  le 07 mars dernier une rescap\u00e9e du g\u00e9nocide rwandais. Ils ont \u00e9cout\u00e9 son t\u00e9moignage et ont pu lui poser des questions sur son parcours au Rwanda et en France. Une rencontre riche et importante que les \u00e9l\u00e8ves d\u00e9crivent dans le texte ci-dessous.<\/p>\n\n\n\n<div class=\"wp-block-group\"><div class=\"wp-block-group__inner-container is-layout-flow wp-block-group-is-layout-flow\"><a href=\"https:\/\/www.clg-moliere-ivry.fr\/wp-content\/uploads\/2024\/04\/T\u00e9moignage-de-Gloriose-avis-\u00e9l\u00e8ves.pdf\" class=\"pdfemb-viewer\" style=\"\" data-width=\"max\" data-height=\"max\" data-toolbar=\"top\" data-toolbar-fixed=\"on\">T\u00e9moignage-de-Gloriose-avis-\u00e9l\u00e8ves<\/a>\n<p class=\"wp-block-pdfemb-pdf-embedder-viewer\"><\/p>\n<\/div><\/div>\n\n\n\n<figure class=\"wp-block-gallery columns-1 is-cropped wp-block-gallery-1 is-layout-flex wp-block-gallery-is-layout-flex\"><ul class=\"blocks-gallery-grid\"><li class=\"blocks-gallery-item\"><figure><a href=\"https:\/\/www.clg-moliere-ivry.fr\/wp-content\/uploads\/2024\/04\/IMG_3656-1-scaled.jpg\"><img loading=\"lazy\" decoding=\"async\" width=\"1024\" height=\"768\" src=\"https:\/\/www.clg-moliere-ivry.fr\/wp-content\/uploads\/2024\/04\/IMG_3656-1-1024x768.jpg\" alt=\"\" data-id=\"5765\" data-full-url=\"https:\/\/www.clg-moliere-ivry.fr\/wp-content\/uploads\/2024\/04\/IMG_3656-1-scaled.jpg\" data-link=\"https:\/\/www.clg-moliere-ivry.fr\/?attachment_id=5765\" class=\"wp-image-5765\" srcset=\"https:\/\/www.clg-moliere-ivry.fr\/wp-content\/uploads\/2024\/04\/IMG_3656-1-1024x768.jpg 1024w, https:\/\/www.clg-moliere-ivry.fr\/wp-content\/uploads\/2024\/04\/IMG_3656-1-300x225.jpg 300w, https:\/\/www.clg-moliere-ivry.fr\/wp-content\/uploads\/2024\/04\/IMG_3656-1-768x576.jpg 768w, https:\/\/www.clg-moliere-ivry.fr\/wp-content\/uploads\/2024\/04\/IMG_3656-1-1536x1152.jpg 1536w, https:\/\/www.clg-moliere-ivry.fr\/wp-content\/uploads\/2024\/04\/IMG_3656-1-2048x1536.jpg 2048w\" sizes=\"(max-width: 1024px) 100vw, 1024px\" \/><\/a><\/figure><\/li><\/ul><\/figure>\n\n\n\n<p><\/p>\n","protected":false},"excerpt":{"rendered":"<p>Les \u00e9l\u00e8ves de 3\u00e8me B ont rencontr\u00e9 le 07 mars dernier une rescap\u00e9e du g\u00e9nocide rwandais. Ils ont \u00e9cout\u00e9 son t\u00e9moignage et ont pu lui poser des questions sur son parcours au Rwanda et en France. Une rencontre riche et importante que les \u00e9l\u00e8ves d\u00e9crivent dans le texte ci-dessous.<\/p>\n","protected":false},"author":1,"featured_media":5765,"comment_status":"closed","ping_status":"open","sticky":false,"template":"","format":"standard","meta":{"footnotes":""},"categories":[107],"tags":[106],"class_list":{"0":"post-5763","1":"post","2":"type-post","3":"status-publish","4":"format-standard","5":"has-post-thumbnail","7":"category-2023-2024","8":"tag-3e","9":"czr-hentry"},"_links":{"self":[{"href":"https:\/\/www.clg-moliere-ivry.fr\/index.php?rest_route=\/wp\/v2\/posts\/5763"}],"collection":[{"href":"https:\/\/www.clg-moliere-ivry.fr\/index.php?rest_route=\/wp\/v2\/posts"}],"about":[{"href":"https:\/\/www.clg-moliere-ivry.fr\/index.php?rest_route=\/wp\/v2\/types\/post"}],"author":[{"embeddable":true,"href":"https:\/\/www.clg-moliere-ivry.fr\/index.php?rest_route=\/wp\/v2\/users\/1"}],"replies":[{"embeddable":true,"href":"https:\/\/www.clg-moliere-ivry.fr\/index.php?rest_route=%2Fwp%2Fv2%2Fcomments&post=5763"}],"version-history":[{"count":1,"href":"https:\/\/www.clg-moliere-ivry.fr\/index.php?rest_route=\/wp\/v2\/posts\/5763\/revisions"}],"predecessor-version":[{"id":5766,"href":"https:\/\/www.clg-moliere-ivry.fr\/index.php?rest_route=\/wp\/v2\/posts\/5763\/revisions\/5766"}],"wp:featuredmedia":[{"embeddable":true,"href":"https:\/\/www.clg-moliere-ivry.fr\/index.php?rest_route=\/wp\/v2\/media\/5765"}],"wp:attachment":[{"href":"https:\/\/www.clg-moliere-ivry.fr\/index.php?rest_route=%2Fwp%2Fv2%2Fmedia&parent=5763"}],"wp:term":[{"taxonomy":"category","embeddable":true,"href":"https:\/\/www.clg-moliere-ivry.fr\/index.php?rest_route=%2Fwp%2Fv2%2Fcategories&post=5763"},{"taxonomy":"post_tag","embeddable":true,"href":"https:\/\/www.clg-moliere-ivry.fr\/index.php?rest_route=%2Fwp%2Fv2%2Ftags&post=5763"}],"curies":[{"name":"wp","href":"https:\/\/api.w.org\/{rel}","templated":true}]}}