{"id":586,"date":"2015-09-24T13:23:00","date_gmt":"2015-09-24T13:23:00","guid":{"rendered":""},"modified":"2018-06-01T11:35:37","modified_gmt":"2018-06-01T09:35:37","slug":"les-eleves-de-la-classe-moliere-se-presentent","status":"publish","type":"post","link":"https:\/\/www.clg-moliere-ivry.fr\/?p=586","title":{"rendered":"Les \u00e9l\u00e8ves de la classe Moli\u00e8re se pr\u00e9sentent"},"content":{"rendered":"<p>La classe Moli\u00e8re accueille en septembre 9 \u00e9l\u00e8ves. Ils se pr\u00e9sentent en mots, en sons et en images !<\/p>\n<p><img loading=\"lazy\" decoding=\"async\" style=\"margin: 10px;\" src=\"images\/Mme_Hurtevent\/portraits_NSA\/light-IMG_20150924_233313.jpg\" alt=\"light-IMG 20150924 233313\" width=\"64\" height=\"86\" \/>\u00a0<img loading=\"lazy\" decoding=\"async\" style=\"margin: 10px;\" src=\"images\/Mme_Hurtevent\/portraits_NSA\/light-IMG_20150924_233325.jpg\" alt=\"light-IMG 20150924 233325\" width=\"64\" height=\"86\" \/>\u00a0<img loading=\"lazy\" decoding=\"async\" style=\"margin: 10px;\" src=\"images\/Mme_Hurtevent\/portraits_NSA\/light-IMG_20150924_233336.jpg\" alt=\"light-IMG 20150924 233336\" width=\"65\" height=\"87\" \/>\u00a0<img loading=\"lazy\" decoding=\"async\" style=\"margin: 10px;\" src=\"images\/Mme_Hurtevent\/portraits_NSA\/light-IMG_20150924_233347.jpg\" alt=\"light-IMG 20150924 233347\" width=\"62\" height=\"83\" \/>\u00a0<img loading=\"lazy\" decoding=\"async\" style=\"margin: 10px;\" src=\"images\/Mme_Hurtevent\/portraits_NSA\/light-IMG_20150924_233357.jpg\" alt=\"light-IMG 20150924 233357\" width=\"63\" height=\"84\" \/><\/p>\n<p><img loading=\"lazy\" decoding=\"async\" style=\"margin: 10px;\" src=\"images\/Mme_Hurtevent\/portraits_NSA\/light-IMG_20150924_233608.jpg\" alt=\"light-IMG 20150924 233608\" width=\"62\" height=\"83\" \/>\u00a0<img loading=\"lazy\" decoding=\"async\" style=\"margin: 10px;\" src=\"images\/Mme_Hurtevent\/portraits_NSA\/light-IMG_20150924_233733.jpg\" alt=\"light-IMG 20150924 233733\" width=\"61\" height=\"81\" \/>\u00a0<img loading=\"lazy\" decoding=\"async\" style=\"margin: 10px;\" src=\"images\/Mme_Hurtevent\/portraits_NSA\/light-IMG_20150924_233916.jpg\" alt=\"light-IMG 20150924 233916\" width=\"58\" height=\"77\" \/><img loading=\"lazy\" decoding=\"async\" style=\"margin: 10px;\" src=\"images\/Mme_Hurtevent\/portraits_NSA\/light-IMG_20150924_233406.jpg\" alt=\"light-IMG 20150924 233406\" width=\"62\" height=\"83\" \/><\/p>\n<p>Pr\u00e9sentation audio : {play}images\/audio\/presentationAudioClasseMoliere.mp3{\/play}<\/p>\n<p>Bonjour je m&rsquo;appelle Vasilica, j &lsquo;ai 14 ans et j&rsquo;habite \u00e0 Gambetta, je viens de Roumanie.\u00a0 J&rsquo;aime faire du judo , je n&rsquo; aime pas faire du basket.<\/p>\n<p>Bonjour je m&rsquo; appelle Danut. j&rsquo;ai 14 ans et j&rsquo;habite \u00e0 Alfortville. Je viens de Roumanie. Je suis au Coll\u00e8ge Moli\u00e8re . Je suis content de vous conna\u00eetre.<\/p>\n<p>Bonjour je m&rsquo;appelle Silly CAMARA. J&rsquo;ai quinze ans et j&rsquo;habite \u00e0 Villeneuve-le-roi. Je viens du Mali. J&rsquo;aime CHRIS BROWN, j&rsquo;aime l&rsquo;\u00e9cole et je n&rsquo;aime pas les bagarres. Je suis content de venir au coll\u00e8ge.<\/p>\n<p>Je m&rsquo;appelle Afloussyeni. J&rsquo;ai 16 ans. J&rsquo;habite le kremlin Bic\u00eatre. J&rsquo;aime le football.<\/p>\n<p>Je m&rsquo;appelle Kaiya.J&rsquo;ai 15 ans. J&rsquo;habite Ivry sur Seine. J&rsquo;aime le football.<\/p>\n<p>Je m&rsquo;appelle Simona. J&rsquo;ai 16 ans. J&rsquo;habite \u00e0 Ivry. J&rsquo;aime la musique.<\/p>\n<p>&nbsp;<\/p>\n","protected":false},"excerpt":{"rendered":"<p>La classe Moli\u00e8re accueille en septembre 9 \u00e9l\u00e8ves. Ils se pr\u00e9sentent en mots, en sons et en images ! \u00a0\u00a0\u00a0\u00a0 \u00a0\u00a0 Pr\u00e9sentation audio : {play}images\/audio\/presentationAudioClasseMoliere.mp3{\/play} Bonjour je m&rsquo;appelle Vasilica, j &lsquo;ai 14 ans et j&rsquo;habite \u00e0 Gambetta, je viens de Roumanie.\u00a0 J&rsquo;aime faire du judo , je n&rsquo; aime pas faire du basket. Bonjour je [&hellip;]<\/p>\n","protected":false},"author":1,"featured_media":1191,"comment_status":"closed","ping_status":"closed","sticky":false,"template":"","format":"standard","meta":{"footnotes":""},"categories":[46,27],"tags":[],"class_list":{"0":"post-586","1":"post","2":"type-post","3":"status-publish","4":"format-standard","5":"has-post-thumbnail","7":"category-archives","8":"category-classe-moliere","9":"czr-hentry"},"_links":{"self":[{"href":"https:\/\/www.clg-moliere-ivry.fr\/index.php?rest_route=\/wp\/v2\/posts\/586"}],"collection":[{"href":"https:\/\/www.clg-moliere-ivry.fr\/index.php?rest_route=\/wp\/v2\/posts"}],"about":[{"href":"https:\/\/www.clg-moliere-ivry.fr\/index.php?rest_route=\/wp\/v2\/types\/post"}],"author":[{"embeddable":true,"href":"https:\/\/www.clg-moliere-ivry.fr\/index.php?rest_route=\/wp\/v2\/users\/1"}],"replies":[{"embeddable":true,"href":"https:\/\/www.clg-moliere-ivry.fr\/index.php?rest_route=%2Fwp%2Fv2%2Fcomments&post=586"}],"version-history":[{"count":1,"href":"https:\/\/www.clg-moliere-ivry.fr\/index.php?rest_route=\/wp\/v2\/posts\/586\/revisions"}],"predecessor-version":[{"id":1192,"href":"https:\/\/www.clg-moliere-ivry.fr\/index.php?rest_route=\/wp\/v2\/posts\/586\/revisions\/1192"}],"wp:featuredmedia":[{"embeddable":true,"href":"https:\/\/www.clg-moliere-ivry.fr\/index.php?rest_route=\/wp\/v2\/media\/1191"}],"wp:attachment":[{"href":"https:\/\/www.clg-moliere-ivry.fr\/index.php?rest_route=%2Fwp%2Fv2%2Fmedia&parent=586"}],"wp:term":[{"taxonomy":"category","embeddable":true,"href":"https:\/\/www.clg-moliere-ivry.fr\/index.php?rest_route=%2Fwp%2Fv2%2Fcategories&post=586"},{"taxonomy":"post_tag","embeddable":true,"href":"https:\/\/www.clg-moliere-ivry.fr\/index.php?rest_route=%2Fwp%2Fv2%2Ftags&post=586"}],"curies":[{"name":"wp","href":"https:\/\/api.w.org\/{rel}","templated":true}]}}