{"id":589,"date":"2015-10-07T17:18:00","date_gmt":"2015-10-07T17:18:00","guid":{"rendered":""},"modified":"2018-06-01T11:33:08","modified_gmt":"2018-06-01T09:33:08","slug":"la-classe-moliere-fait-le-compte-rendu-de-lelection-des-delegues","status":"publish","type":"post","link":"https:\/\/www.clg-moliere-ivry.fr\/?p=589","title":{"rendered":"La classe Moli\u00e8re fait le compte-rendu de l&rsquo;\u00e9lection des d\u00e9l\u00e9gu\u00e9s"},"content":{"rendered":"<p>Vendredi 02 octobre on a vot\u00e9 pour les d\u00e9l\u00e9gu\u00e9s de notre classe. Il y avait plusieurs candidats : Danut et Alfousseyni, Silly et Kaya, Dimitrina et Simona. On a mis le bulletin de vote dans l&rsquo;urne et monsieur Le Cossec a dit \u00ab\u00a0A vot\u00e9 !\u00a0\u00bb. Les gagnants \u00e9taient Dimitrina et sa suppl\u00e9ante Simona avec Danut et son suppl\u00e9ant Alfusseyni.<\/p>\n<p>Silly, Dimitrina et Vassilica.<\/p>\n<p><img loading=\"lazy\" decoding=\"async\" style=\"margin: 10px;\" src=\"images\/Nandre-poyaud\/NSA\/delegues.gif\" alt=\"delegues\" width=\"288\" height=\"288\" \/>Source image :<a href=\"https:\/\/www.pedagogie.ac-aix-marseille.fr\">https:\/\/www.pedagogie.ac-aix-marseille.fr<\/a><\/p>\n","protected":false},"excerpt":{"rendered":"<p>Vendredi 02 octobre on a vot\u00e9 pour les d\u00e9l\u00e9gu\u00e9s de notre classe. Il y avait plusieurs candidats : Danut et Alfousseyni, Silly et Kaya, Dimitrina et Simona. On a mis le bulletin de vote dans l&rsquo;urne et monsieur Le Cossec a dit \u00ab\u00a0A vot\u00e9 !\u00a0\u00bb. Les gagnants \u00e9taient Dimitrina et sa suppl\u00e9ante Simona avec Danut [&hellip;]<\/p>\n","protected":false},"author":1,"featured_media":1187,"comment_status":"closed","ping_status":"closed","sticky":false,"template":"","format":"standard","meta":{"footnotes":""},"categories":[46,27],"tags":[],"class_list":{"0":"post-589","1":"post","2":"type-post","3":"status-publish","4":"format-standard","5":"has-post-thumbnail","7":"category-archives","8":"category-classe-moliere","9":"czr-hentry"},"_links":{"self":[{"href":"https:\/\/www.clg-moliere-ivry.fr\/index.php?rest_route=\/wp\/v2\/posts\/589"}],"collection":[{"href":"https:\/\/www.clg-moliere-ivry.fr\/index.php?rest_route=\/wp\/v2\/posts"}],"about":[{"href":"https:\/\/www.clg-moliere-ivry.fr\/index.php?rest_route=\/wp\/v2\/types\/post"}],"author":[{"embeddable":true,"href":"https:\/\/www.clg-moliere-ivry.fr\/index.php?rest_route=\/wp\/v2\/users\/1"}],"replies":[{"embeddable":true,"href":"https:\/\/www.clg-moliere-ivry.fr\/index.php?rest_route=%2Fwp%2Fv2%2Fcomments&post=589"}],"version-history":[{"count":1,"href":"https:\/\/www.clg-moliere-ivry.fr\/index.php?rest_route=\/wp\/v2\/posts\/589\/revisions"}],"predecessor-version":[{"id":1188,"href":"https:\/\/www.clg-moliere-ivry.fr\/index.php?rest_route=\/wp\/v2\/posts\/589\/revisions\/1188"}],"wp:featuredmedia":[{"embeddable":true,"href":"https:\/\/www.clg-moliere-ivry.fr\/index.php?rest_route=\/wp\/v2\/media\/1187"}],"wp:attachment":[{"href":"https:\/\/www.clg-moliere-ivry.fr\/index.php?rest_route=%2Fwp%2Fv2%2Fmedia&parent=589"}],"wp:term":[{"taxonomy":"category","embeddable":true,"href":"https:\/\/www.clg-moliere-ivry.fr\/index.php?rest_route=%2Fwp%2Fv2%2Fcategories&post=589"},{"taxonomy":"post_tag","embeddable":true,"href":"https:\/\/www.clg-moliere-ivry.fr\/index.php?rest_route=%2Fwp%2Fv2%2Ftags&post=589"}],"curies":[{"name":"wp","href":"https:\/\/api.w.org\/{rel}","templated":true}]}}