{"id":5989,"date":"2024-06-20T11:44:25","date_gmt":"2024-06-20T09:44:25","guid":{"rendered":"http:\/\/www.clg-moliere-ivry.fr\/?p=5989"},"modified":"2024-06-20T11:44:26","modified_gmt":"2024-06-20T09:44:26","slug":"concours-de-kamishibai-plurilingue-les-eleves-de-la-classe-moliere-nsa-primes","status":"publish","type":"post","link":"https:\/\/www.clg-moliere-ivry.fr\/?p=5989","title":{"rendered":"Concours de kamishiba\u00ef plurilingue : les \u00e9l\u00e8ves de la classe Moli\u00e8re-NSA prim\u00e9s !"},"content":{"rendered":"\n<p>Jeudi 13 juin, les \u00e9l\u00e8ves de la classe Moli\u00e8re-NSA ont re\u00e7u un prix pour leur kamishiba\u00ef \u00ab\u00a0En quoi est faite la lune ?\u00a0\u00bb  Retour sur l&rsquo;histoire de cette victoire&#8230;<\/p>\n\n\n\n<figure class=\"wp-block-image size-large\"><img loading=\"lazy\" decoding=\"async\" width=\"768\" height=\"1024\" src=\"http:\/\/www.clg-moliere-ivry.fr\/wp-content\/uploads\/2024\/06\/IMG_2486-768x1024.jpg\" alt=\"\" class=\"wp-image-5995\" srcset=\"https:\/\/www.clg-moliere-ivry.fr\/wp-content\/uploads\/2024\/06\/IMG_2486-768x1024.jpg 768w, https:\/\/www.clg-moliere-ivry.fr\/wp-content\/uploads\/2024\/06\/IMG_2486-225x300.jpg 225w, https:\/\/www.clg-moliere-ivry.fr\/wp-content\/uploads\/2024\/06\/IMG_2486-1152x1536.jpg 1152w, https:\/\/www.clg-moliere-ivry.fr\/wp-content\/uploads\/2024\/06\/IMG_2486-1536x2048.jpg 1536w, https:\/\/www.clg-moliere-ivry.fr\/wp-content\/uploads\/2024\/06\/IMG_2486-scaled.jpg 1920w\" sizes=\"(max-width: 768px) 100vw, 768px\" \/><\/figure>\n\n\n\n<p>Les \u00e9l\u00e8ves de la classe Moli\u00e8re-NSA ont particip\u00e9 cette ann\u00e9e au concours de kamishiba\u00ef plurilingue organis\u00e9 par l&rsquo;association DULALA. Un kamishiba\u00ef est un petit th\u00e9\u00e2tre de papier originaire du Japon.<\/p>\n\n\n\n<p>Ils ont travaill\u00e9 trois mois \u00e0 l&rsquo;invention de l&rsquo;histoire qui devait avoir pour th\u00e8me \u00ab\u00a0Tout seul on va plus vite, ensemble on va plus loin.\u00a0\u00bb et int\u00e9grer au moins quatre langues diff\u00e9rentes. Les \u00e9l\u00e8ves ont \u00e9t\u00e9 aid\u00e9s par Myriam et Elo\u00efse, biblioth\u00e9caires \u00e0 la m\u00e9diath\u00e8que d&rsquo;Ivry. Ils ont aussi eu la chance de travailler avec l&rsquo;autrice Elsa Valentin. Ils ont \u00e9galement r\u00e9alis\u00e9 toutes les illustrations de leur histoire.<\/p>\n\n\n\n<figure class=\"wp-block-gallery columns-3 is-cropped wp-block-gallery-1 is-layout-flex wp-block-gallery-is-layout-flex\"><ul class=\"blocks-gallery-grid\"><li class=\"blocks-gallery-item\"><figure><img loading=\"lazy\" decoding=\"async\" width=\"576\" height=\"1024\" src=\"http:\/\/www.clg-moliere-ivry.fr\/wp-content\/uploads\/2024\/06\/IMG_20240130_162748-576x1024.jpg\" alt=\"\" data-id=\"5994\" data-full-url=\"http:\/\/www.clg-moliere-ivry.fr\/wp-content\/uploads\/2024\/06\/IMG_20240130_162748-scaled.jpg\" data-link=\"http:\/\/www.clg-moliere-ivry.fr\/?attachment_id=5994\" class=\"wp-image-5994\" srcset=\"https:\/\/www.clg-moliere-ivry.fr\/wp-content\/uploads\/2024\/06\/IMG_20240130_162748-576x1024.jpg 576w, https:\/\/www.clg-moliere-ivry.fr\/wp-content\/uploads\/2024\/06\/IMG_20240130_162748-169x300.jpg 169w, https:\/\/www.clg-moliere-ivry.fr\/wp-content\/uploads\/2024\/06\/IMG_20240130_162748-768x1365.jpg 768w, https:\/\/www.clg-moliere-ivry.fr\/wp-content\/uploads\/2024\/06\/IMG_20240130_162748-864x1536.jpg 864w, https:\/\/www.clg-moliere-ivry.fr\/wp-content\/uploads\/2024\/06\/IMG_20240130_162748-1152x2048.jpg 1152w, https:\/\/www.clg-moliere-ivry.fr\/wp-content\/uploads\/2024\/06\/IMG_20240130_162748-scaled.jpg 1440w\" sizes=\"(max-width: 576px) 100vw, 576px\" \/><\/figure><\/li><li class=\"blocks-gallery-item\"><figure><img loading=\"lazy\" decoding=\"async\" width=\"1024\" height=\"768\" src=\"http:\/\/www.clg-moliere-ivry.fr\/wp-content\/uploads\/2024\/06\/1708856285627-1024x768.jpg\" alt=\"\" data-id=\"5993\" data-full-url=\"http:\/\/www.clg-moliere-ivry.fr\/wp-content\/uploads\/2024\/06\/1708856285627-scaled.jpg\" data-link=\"http:\/\/www.clg-moliere-ivry.fr\/?attachment_id=5993\" class=\"wp-image-5993\" srcset=\"https:\/\/www.clg-moliere-ivry.fr\/wp-content\/uploads\/2024\/06\/1708856285627-1024x768.jpg 1024w, https:\/\/www.clg-moliere-ivry.fr\/wp-content\/uploads\/2024\/06\/1708856285627-300x225.jpg 300w, https:\/\/www.clg-moliere-ivry.fr\/wp-content\/uploads\/2024\/06\/1708856285627-768x576.jpg 768w, https:\/\/www.clg-moliere-ivry.fr\/wp-content\/uploads\/2024\/06\/1708856285627-1536x1152.jpg 1536w, https:\/\/www.clg-moliere-ivry.fr\/wp-content\/uploads\/2024\/06\/1708856285627-2048x1536.jpg 2048w\" sizes=\"(max-width: 1024px) 100vw, 1024px\" \/><\/figure><\/li><li class=\"blocks-gallery-item\"><figure><img loading=\"lazy\" decoding=\"async\" width=\"1024\" height=\"768\" src=\"http:\/\/www.clg-moliere-ivry.fr\/wp-content\/uploads\/2024\/06\/1708856285189-1024x768.jpg\" alt=\"\" data-id=\"5992\" data-full-url=\"http:\/\/www.clg-moliere-ivry.fr\/wp-content\/uploads\/2024\/06\/1708856285189-scaled.jpg\" data-link=\"http:\/\/www.clg-moliere-ivry.fr\/?attachment_id=5992\" class=\"wp-image-5992\" srcset=\"https:\/\/www.clg-moliere-ivry.fr\/wp-content\/uploads\/2024\/06\/1708856285189-1024x768.jpg 1024w, https:\/\/www.clg-moliere-ivry.fr\/wp-content\/uploads\/2024\/06\/1708856285189-300x225.jpg 300w, https:\/\/www.clg-moliere-ivry.fr\/wp-content\/uploads\/2024\/06\/1708856285189-768x576.jpg 768w, https:\/\/www.clg-moliere-ivry.fr\/wp-content\/uploads\/2024\/06\/1708856285189-1536x1152.jpg 1536w, https:\/\/www.clg-moliere-ivry.fr\/wp-content\/uploads\/2024\/06\/1708856285189-2048x1536.jpg 2048w\" sizes=\"(max-width: 1024px) 100vw, 1024px\" \/><\/figure><\/li><\/ul><\/figure>\n\n\n\n<p>Les \u00e9l\u00e8ves se sont ensuite entrain\u00e9s \u00e0 raconter \u00e0 l&rsquo;oral leur histoire, en manipulant les planches illustr\u00e9es. Ils ont ainsi fait une repr\u00e9sentation \u00e0 la m\u00e9diath\u00e8que d&rsquo;Ivry pour la classe d&rsquo;UPE2A du coll\u00e8ge Wallon et une repr\u00e9sentation au coll\u00e8ge pour les professeurs, les parents et les \u00e9l\u00e8ves.<\/p>\n\n\n\n<figure class=\"wp-block-gallery columns-2 is-cropped wp-block-gallery-2 is-layout-flex wp-block-gallery-is-layout-flex\"><ul class=\"blocks-gallery-grid\"><li class=\"blocks-gallery-item\"><figure><img loading=\"lazy\" decoding=\"async\" width=\"768\" height=\"1024\" src=\"http:\/\/www.clg-moliere-ivry.fr\/wp-content\/uploads\/2024\/06\/IMG_2706-768x1024.jpg\" alt=\"\" data-id=\"5996\" data-full-url=\"http:\/\/www.clg-moliere-ivry.fr\/wp-content\/uploads\/2024\/06\/IMG_2706-scaled.jpg\" data-link=\"http:\/\/www.clg-moliere-ivry.fr\/?attachment_id=5996\" class=\"wp-image-5996\" srcset=\"https:\/\/www.clg-moliere-ivry.fr\/wp-content\/uploads\/2024\/06\/IMG_2706-768x1024.jpg 768w, https:\/\/www.clg-moliere-ivry.fr\/wp-content\/uploads\/2024\/06\/IMG_2706-225x300.jpg 225w, https:\/\/www.clg-moliere-ivry.fr\/wp-content\/uploads\/2024\/06\/IMG_2706-1152x1536.jpg 1152w, https:\/\/www.clg-moliere-ivry.fr\/wp-content\/uploads\/2024\/06\/IMG_2706-1536x2048.jpg 1536w, https:\/\/www.clg-moliere-ivry.fr\/wp-content\/uploads\/2024\/06\/IMG_2706-scaled.jpg 1920w\" sizes=\"(max-width: 768px) 100vw, 768px\" \/><\/figure><\/li><li class=\"blocks-gallery-item\"><figure><img loading=\"lazy\" decoding=\"async\" width=\"768\" height=\"1024\" src=\"http:\/\/www.clg-moliere-ivry.fr\/wp-content\/uploads\/2024\/06\/IMG_2708-768x1024.jpg\" alt=\"\" data-id=\"5997\" data-full-url=\"http:\/\/www.clg-moliere-ivry.fr\/wp-content\/uploads\/2024\/06\/IMG_2708-scaled.jpg\" data-link=\"http:\/\/www.clg-moliere-ivry.fr\/?attachment_id=5997\" class=\"wp-image-5997\" srcset=\"https:\/\/www.clg-moliere-ivry.fr\/wp-content\/uploads\/2024\/06\/IMG_2708-768x1024.jpg 768w, https:\/\/www.clg-moliere-ivry.fr\/wp-content\/uploads\/2024\/06\/IMG_2708-225x300.jpg 225w, https:\/\/www.clg-moliere-ivry.fr\/wp-content\/uploads\/2024\/06\/IMG_2708-1152x1536.jpg 1152w, https:\/\/www.clg-moliere-ivry.fr\/wp-content\/uploads\/2024\/06\/IMG_2708-1536x2048.jpg 1536w, https:\/\/www.clg-moliere-ivry.fr\/wp-content\/uploads\/2024\/06\/IMG_2708-scaled.jpg 1920w\" sizes=\"(max-width: 768px) 100vw, 768px\" \/><\/figure><\/li><\/ul><\/figure>\n\n\n\n<p>Mais le grand moment a \u00e9t\u00e9 le jeudi 13 juin : ils ont jou\u00e9 leur kamishiba\u00ef \u00e0 la maison de la culture du Japon \u00e0 Paris, \u00e0 c\u00f4t\u00e9 de la tour Eiffel ! C&rsquo;est l\u00e0 qu&rsquo;ils ont re\u00e7u leur prix d\u00e9cern\u00e9 par le Comit\u00e9 National du Livre. Sur les 100 classes inscrites, seuls cinq kamishiba\u00ef ont \u00e9t\u00e9 prim\u00e9s. Vous pouvez d\u00e9couvrir le kamishiba\u00ef racont\u00e9 par les \u00e9l\u00e8ves sur la vid\u00e9o ci-dessous.<\/p>\n\n\n\n<figure class=\"wp-block-embed-youtube wp-block-embed is-type-video is-provider-youtube wp-embed-aspect-16-9 wp-has-aspect-ratio\"><div class=\"wp-block-embed__wrapper\">\n<iframe loading=\"lazy\" title=\"Prix CNL du Concours Kamishiba\u00ef plurilingue 2023-2024 : En quoi est faite la lune ?\" width=\"1140\" height=\"641\" src=\"https:\/\/www.youtube.com\/embed\/MDYZUK2pFYk?feature=oembed\" frameborder=\"0\" allow=\"accelerometer; autoplay; clipboard-write; encrypted-media; gyroscope; picture-in-picture; web-share\" referrerpolicy=\"strict-origin-when-cross-origin\" allowfullscreen><\/iframe>\n<\/div><\/figure>\n\n\n\n<p><\/p>\n","protected":false},"excerpt":{"rendered":"<p>Jeudi 13 juin, les \u00e9l\u00e8ves de la classe Moli\u00e8re-NSA ont re\u00e7u un prix pour leur kamishiba\u00ef \u00ab\u00a0En quoi est faite la lune ?\u00a0\u00bb Retour sur l&rsquo;histoire de cette victoire&#8230; Les \u00e9l\u00e8ves de la classe Moli\u00e8re-NSA ont particip\u00e9 cette ann\u00e9e au concours de kamishiba\u00ef plurilingue organis\u00e9 par l&rsquo;association DULALA. Un kamishiba\u00ef est un petit th\u00e9\u00e2tre de [&hellip;]<\/p>\n","protected":false},"author":6,"featured_media":5995,"comment_status":"closed","ping_status":"open","sticky":false,"template":"","format":"standard","meta":{"footnotes":""},"categories":[107,27,15,13],"tags":[],"class_list":{"0":"post-5989","1":"post","2":"type-post","3":"status-publish","4":"format-standard","5":"has-post-thumbnail","7":"category-2023-2024","8":"category-classe-moliere","9":"category-projetspeda","10":"category-vie","11":"czr-hentry"},"_links":{"self":[{"href":"https:\/\/www.clg-moliere-ivry.fr\/index.php?rest_route=\/wp\/v2\/posts\/5989"}],"collection":[{"href":"https:\/\/www.clg-moliere-ivry.fr\/index.php?rest_route=\/wp\/v2\/posts"}],"about":[{"href":"https:\/\/www.clg-moliere-ivry.fr\/index.php?rest_route=\/wp\/v2\/types\/post"}],"author":[{"embeddable":true,"href":"https:\/\/www.clg-moliere-ivry.fr\/index.php?rest_route=\/wp\/v2\/users\/6"}],"replies":[{"embeddable":true,"href":"https:\/\/www.clg-moliere-ivry.fr\/index.php?rest_route=%2Fwp%2Fv2%2Fcomments&post=5989"}],"version-history":[{"count":3,"href":"https:\/\/www.clg-moliere-ivry.fr\/index.php?rest_route=\/wp\/v2\/posts\/5989\/revisions"}],"predecessor-version":[{"id":5998,"href":"https:\/\/www.clg-moliere-ivry.fr\/index.php?rest_route=\/wp\/v2\/posts\/5989\/revisions\/5998"}],"wp:featuredmedia":[{"embeddable":true,"href":"https:\/\/www.clg-moliere-ivry.fr\/index.php?rest_route=\/wp\/v2\/media\/5995"}],"wp:attachment":[{"href":"https:\/\/www.clg-moliere-ivry.fr\/index.php?rest_route=%2Fwp%2Fv2%2Fmedia&parent=5989"}],"wp:term":[{"taxonomy":"category","embeddable":true,"href":"https:\/\/www.clg-moliere-ivry.fr\/index.php?rest_route=%2Fwp%2Fv2%2Fcategories&post=5989"},{"taxonomy":"post_tag","embeddable":true,"href":"https:\/\/www.clg-moliere-ivry.fr\/index.php?rest_route=%2Fwp%2Fv2%2Ftags&post=5989"}],"curies":[{"name":"wp","href":"https:\/\/api.w.org\/{rel}","templated":true}]}}