{"id":609,"date":"2015-12-14T08:49:09","date_gmt":"2015-12-14T08:49:09","guid":{"rendered":""},"modified":"2015-12-14T08:49:09","modified_gmt":"2015-12-14T08:49:09","slug":"concours-de-collecte-de-papier-cest-parti","status":"publish","type":"post","link":"https:\/\/www.clg-moliere-ivry.fr\/?p=609","title":{"rendered":"Concours de collecte de papier, c&rsquo;est parti!"},"content":{"rendered":"<p><p style=\"text-align: justify; line-height: normal;\"><strong><span style=\"font-size: 12pt;\">R\u00e9sum\u00e9&nbsp;: <\/span><\/strong><\/p>\n<p style=\"text-align: justify; line-height: normal;\"><span style=\"font-size: 12pt;\">Une collecte de papier organis\u00e9e au coll\u00e8ge en vue d\u2019un recyclage en partenariat avec la soci\u00e9t\u00e9 Veolia.<\/span><\/p>\n<p style=\"text-align: justify; line-height: normal;\"><strong><span style=\"font-size: 12pt;\">Objectifs&nbsp;:<\/span><\/strong><\/p>\n<p style=\"text-align: justify; text-indent: -18pt; line-height: normal;\"><span style=\"font-size: 12pt;\">&#8211;<span style=\"font: 7pt 'Times New Roman';\">&nbsp;&nbsp;&nbsp;&nbsp;&nbsp;&nbsp;&nbsp;&nbsp;&nbsp; <\/span><\/span><span style=\"font-size: 12pt;\">Collecter entre 1,5 et 2t de papier<\/span><\/p>\n<p style=\"text-align: justify; text-indent: -18pt; line-height: normal;\"><span style=\"font-size: 12pt;\">&#8211;<span style=\"font: 7pt 'Times New Roman';\">&nbsp;&nbsp;&nbsp;&nbsp;&nbsp;&nbsp;&nbsp;&nbsp;&nbsp; <\/span><\/span><span style=\"font-size: 12pt;\">Rachat par la soci\u00e9t\u00e9 Veolia au prix de 24\u20ac\/t soit environ 50\u20ac pour le coll\u00e8ge selon la participation de chacun<\/span><\/p>\n<p style=\"text-align: justify; line-height: normal;\"><strong><span style=\"font-size: 12pt;\">Qui&nbsp; est concern\u00e9?<\/span><\/strong><\/p>\n<p style=\"text-align: justify; text-indent: -18pt; line-height: normal;\"><span style=\"font-size: 12pt;\">&#8211;<span style=\"font: 7pt 'Times New Roman';\">&nbsp;&nbsp;&nbsp;&nbsp;&nbsp;&nbsp;&nbsp;&nbsp;&nbsp; <\/span><\/span><span style=\"font-size: 12pt;\">Les \u00e9l\u00e8ves et leurs familles&nbsp;: un challenge par classe est organis\u00e9. Une r\u00e9compense est pr\u00e9vue pour la classe ayant rapport\u00e9 le plus de papier en poids (des places de cin\u00e9ma)<\/span><\/p>\n<p style=\"text-align: justify; text-indent: -18pt; line-height: normal;\"><span style=\"font-size: 12pt;\">&#8211;<span style=\"font: 7pt 'Times New Roman';\">&nbsp;&nbsp;&nbsp;&nbsp;&nbsp;&nbsp;&nbsp;&nbsp;&nbsp; <\/span><\/span><span style=\"font-size: 12pt;\">Tout le personnel du coll\u00e8ge<\/span><\/p>\n<p style=\"text-align: justify; line-height: normal;\"><strong><span style=\"font-size: 12pt;\">Comment cela va-t-il se passer&nbsp;?<\/span><\/strong><\/p>\n<p style=\"text-align: justify; text-indent: -18pt; line-height: normal;\"><span style=\"font-size: 12pt;\">&#8211;<span style=\"font: 7pt 'Times New Roman';\">&nbsp;&nbsp;&nbsp;&nbsp;&nbsp;&nbsp;&nbsp;&nbsp;&nbsp; <\/span><\/span><span style=\"font-size: 12pt;\">Pour les \u00e9l\u00e8ves&nbsp;: <\/span><\/p>\n<p style=\"text-align: justify; line-height: normal;\"><span style=\"font-size: 12pt;\">un carton de collecte par classe sera plac\u00e9 devant la loge <strong><span style=\"text-decoration: underline;\">un jour par semaine<\/span><\/strong>, les \u00e9l\u00e8ves y d\u00e9poseront leurs papiers <strong><span style=\"text-decoration: underline;\">en arrivant le matin au coll\u00e8ge<\/span><\/strong><\/span><\/p>\n<ul>\n<li><span style=\"font-size: 12pt;\">le lundi ce sera le jour des 6\u00e8mes<\/span><\/li>\n<li><span style=\"font-size: 12pt;\">le mardi les 5\u00e8mes <\/span><\/li>\n<li><span style=\"font-size: 12pt;\">le mercredi les NSA&nbsp; <\/span><\/li>\n<li><span style=\"font-size: 12pt;\">le jeudi les 4\u00e8mes<\/span><\/li>\n<li><span style=\"font-size: 12pt;\">le vendredi les 3\u00e8mes<\/span><\/li>\n<\/ul>\n<p style=\"text-align: justify; line-height: normal;\"><span style=\"font-size: 12pt;\">2 responsables par classe seront nomm\u00e9s afin de veiller au bon d\u00e9roulement de l\u2019op\u00e9ration&nbsp;; ils seront les interlocuteurs privil\u00e9gi\u00e9s<\/span><\/p>\n<p style=\"text-align: justify; text-indent: -18pt; line-height: normal;\"><span style=\"font-size: 12pt;\">&#8211;<span style=\"font: 7pt 'Times New Roman';\">&nbsp;&nbsp;&nbsp;&nbsp;&nbsp;&nbsp;&nbsp;&nbsp;&nbsp; <\/span><\/span><span style=\"font-size: 12pt;\">Pour le personnel&nbsp;: des points de collecte sont r\u00e9partis dans le coll\u00e8ge (hall, salle des professeurs, administration, et toute autre initiative personnelle)<\/span><\/p>\n<p style=\"text-align: justify; line-height: normal;\"><strong><span style=\"font-size: 12pt;\">Quand est-ce que \u00e7a commence&nbsp;?<\/span><\/strong><\/p>\n<p style=\"text-align: justify; text-indent: -18pt; line-height: normal;\"><span style=\"font-size: 12pt;\">&#8211;<span style=\"font: 7pt 'Times New Roman';\">&nbsp;&nbsp;&nbsp;&nbsp;&nbsp;&nbsp;&nbsp;&nbsp;&nbsp; <\/span><\/span><span style=\"font-size: 12pt;\">Information des \u00e9l\u00e8ves et de leur famille dans les jours \u00e0 venir<\/span><\/p>\n<p style=\"text-align: justify; text-indent: -18pt; line-height: normal;\"><span style=\"font-size: 12pt;\">&#8211;<span style=\"font: 7pt 'Times New Roman';\">&nbsp;&nbsp;&nbsp;&nbsp;&nbsp;&nbsp;&nbsp;&nbsp;&nbsp; <\/span><\/span><span style=\"font-size: 12pt;\">D\u00e9but du concours&nbsp;: lundi 14 d\u00e9cembre 2015, fin du concours&nbsp;: vendredi 29 janvier 2016<\/span><\/p>\n<p style=\"text-align: justify; line-height: normal;\"><strong><span style=\"font-size: 12pt;\">Les enjeux du projet<\/span><\/strong><\/p>\n<p style=\"text-align: justify; text-indent: -18pt; line-height: normal;\"><span style=\"font-size: 12pt;\">&#8211;<span style=\"font: 7pt 'Times New Roman';\">&nbsp;&nbsp;&nbsp;&nbsp;&nbsp;&nbsp;&nbsp;&nbsp;&nbsp; <\/span><\/span><span style=\"font-size: 12pt;\">Achat de livres pour le CDI avec les fonds r\u00e9colt\u00e9s, sur le th\u00e8me du d\u00e9veloppement durable et de l\u2019environnement<\/span><\/p>\n<p style=\"text-align: justify; text-indent: -18pt; line-height: normal;\"><span style=\"font-size: 12pt;\">&#8211;<span style=\"font: 7pt 'Times New Roman';\">&nbsp;&nbsp;&nbsp;&nbsp;&nbsp;&nbsp;&nbsp;&nbsp;&nbsp; <\/span><\/span><span style=\"font-size: 12pt;\">Sensibiliser les \u00e9l\u00e8ves au d\u00e9veloppement durable, au tri des d\u00e9chets et les encourager \u00e0 modifier leurs pratiques<\/span><\/p>\n<p style=\"text-align: justify; text-indent: -18pt; line-height: normal;\"><span style=\"font-size: 12pt;\">&#8211;<span style=\"font: 7pt 'Times New Roman';\">&nbsp;&nbsp;&nbsp;&nbsp;&nbsp;&nbsp;&nbsp;&nbsp;&nbsp; <\/span><\/span><span style=\"font-size: 12pt;\">Permettre aux \u00e9l\u00e8ves les plus motiv\u00e9s de poursuivre leur engagement au sein de l\u2019atelier d\u00e9veloppement durable<\/span><\/p>\n<p style=\"text-align: justify; text-indent: -18pt; line-height: normal;\"><span style=\"font-size: 16pt;\">&#8211;<span style=\"font: 7pt 'Times New Roman';\">&nbsp;&nbsp;&nbsp;&nbsp;&nbsp;&nbsp;&nbsp;&nbsp; <\/span><\/span> <strong><span style=\"font-size: 16pt;\">&nbsp;&nbsp;&nbsp;Responsable du projet et contact&nbsp;: Mme REYNARD, \u00e0 l\u2019intendance. &nbsp;&nbsp;&nbsp;&nbsp;&nbsp;&nbsp;&nbsp;&nbsp;&nbsp; <\/span><\/strong><\/p>\n<p style=\"text-align: center; line-height: normal;\" align=\"center\"><strong><span style=\"text-decoration: underline;\"><span style=\"font-size: 26pt;\">FAQ<\/span><\/span><\/strong><\/p>\n<p style=\"text-align: center; line-height: normal;\" align=\"center\">&nbsp;<\/p>\n<p style=\"text-align: justify; text-indent: -18pt; line-height: normal;\">&#8211;<span style=\"font: 7pt 'Times New Roman';\">&nbsp;&nbsp;&nbsp;&nbsp;&nbsp;&nbsp;&nbsp;&nbsp;&nbsp; <\/span><strong>Que se passera-t-il si on n\u2019atteint pas le poids minimum&nbsp;?<\/strong> Mme REYNARD s\u2019engage personnellement \u00e0 r\u00e9gler les frais de p\u00e9nalit\u00e9s \u00e9ventuels (110\u20ac HT). Il n\u2019y aura donc aucun frais pour le coll\u00e8ge.<\/p>\n<p style=\"text-align: justify; text-indent: -18pt; line-height: normal;\">&#8211;<span style=\"font: 7pt 'Times New Roman';\">&nbsp;&nbsp;&nbsp;&nbsp;&nbsp;&nbsp;&nbsp;&nbsp;&nbsp; <\/span><strong>Qui va financer la r\u00e9compense pour la classe gagnante&nbsp;?<\/strong> Participation du Foyer Socio \u00c9ducatif<\/p>\n<p style=\"text-align: justify; text-indent: -18pt; line-height: normal;\">&#8211;<span style=\"font: 7pt 'Times New Roman';\">&nbsp;&nbsp;&nbsp;&nbsp;&nbsp;&nbsp;&nbsp;&nbsp;&nbsp; <\/span><strong>Comment saurons-nous qui gagne&nbsp;? <\/strong> Chaque jour, en fin de matin\u00e9e, les cartons des classes seront vid\u00e9s et pes\u00e9s pour suivre la position de chaque classe.<\/p>\n<p style=\"text-align: justify; text-indent: -18pt; line-height: normal;\">&#8211;<span style=\"font: 7pt 'Times New Roman';\">&nbsp;&nbsp;&nbsp;&nbsp;&nbsp;&nbsp;&nbsp;&nbsp;&nbsp; <\/span><strong>O\u00f9 sera stock\u00e9 le papier au fil des jours&nbsp;?<\/strong> D\u00e9but janvier, Veolia viendra installer des containers dans l\u2019enceinte du coll\u00e8ge. Le papier y sera transf\u00e9r\u00e9 chaque jour apr\u00e8s pes\u00e9e.<\/p>\n<p style=\"text-align: justify; text-indent: -18pt; line-height: normal;\">&#8211;<span style=\"font: 7pt 'Times New Roman';\">&nbsp;&nbsp;&nbsp;&nbsp;&nbsp;&nbsp;&nbsp;&nbsp;&nbsp; <\/span><strong>Qu\u2019est-ce qu\u2019on peut mettre dans les cartons de collecte&nbsp;?<\/strong> Tout ce qui contient du papier&nbsp;: annuaires, catalogues, journaux, magazines, prospectus, vieux livres, vieux manuels scolaires, vieux cahiers, feuilles de copie, feuilles de papier imprim\u00e9es\u2026 On peut laisser les couvertures \u00e9paisses ou glac\u00e9es des livres et des catalogues.<\/p>\n<p style=\"text-align: justify; text-indent: -18pt; line-height: normal;\">&#8211;<span style=\"font: 7pt 'Times New Roman';\">&nbsp;&nbsp;&nbsp;&nbsp;&nbsp;&nbsp;&nbsp;&nbsp;&nbsp; <\/span><strong>Qu\u2019est-ce qu\u2019on ne doit pas mettre&nbsp;?<\/strong> pas d\u2019emballages carton, pas de bouteilles en plastique, pas d\u2019emballages plastiques de magazines, pas de classeurs (ne mettre que les feuilles de papier sans pochettes plastiques), pas de papiers gras, pas de papiers \u00ab&nbsp;en boule&nbsp;\u00bb.<\/p>\n<p style=\"text-align: justify; line-height: normal;\"><strong><span style=\"font-size: 16pt;\">Responsable du projet et contact&nbsp;: Mme REYNARD, \u00e0 l\u2019intendance. &nbsp;&nbsp;&nbsp;&nbsp;&nbsp;&nbsp;&nbsp;&nbsp;&nbsp;&nbsp;&nbsp; <\/span><\/strong><\/p><\/p>\n","protected":false},"excerpt":{"rendered":"<p>R\u00e9sum\u00e9&nbsp;: Une collecte de papier organis\u00e9e au coll\u00e8ge en vue d\u2019un recyclage en partenariat avec la soci\u00e9t\u00e9 Veolia. Objectifs&nbsp;: &#8211;&nbsp;&nbsp;&nbsp;&nbsp;&nbsp;&nbsp;&nbsp;&nbsp;&nbsp; Collecter entre 1,5 et 2t de papier &#8211;&nbsp;&nbsp;&nbsp;&nbsp;&nbsp;&nbsp;&nbsp;&nbsp;&nbsp; Rachat par la soci\u00e9t\u00e9 Veolia au prix de 24\u20ac\/t soit environ 50\u20ac pour le coll\u00e8ge selon la participation de chacun Qui&nbsp; est concern\u00e9? &#8211;&nbsp;&nbsp;&nbsp;&nbsp;&nbsp;&nbsp;&nbsp;&nbsp;&nbsp; Les \u00e9l\u00e8ves et [&hellip;]<\/p>\n","protected":false},"author":1,"featured_media":0,"comment_status":"closed","ping_status":"closed","sticky":false,"template":"","format":"standard","meta":{"footnotes":""},"categories":[46],"tags":[],"class_list":{"0":"post-609","1":"post","2":"type-post","3":"status-publish","4":"format-standard","6":"category-archives","7":"czr-hentry"},"_links":{"self":[{"href":"https:\/\/www.clg-moliere-ivry.fr\/index.php?rest_route=\/wp\/v2\/posts\/609"}],"collection":[{"href":"https:\/\/www.clg-moliere-ivry.fr\/index.php?rest_route=\/wp\/v2\/posts"}],"about":[{"href":"https:\/\/www.clg-moliere-ivry.fr\/index.php?rest_route=\/wp\/v2\/types\/post"}],"author":[{"embeddable":true,"href":"https:\/\/www.clg-moliere-ivry.fr\/index.php?rest_route=\/wp\/v2\/users\/1"}],"replies":[{"embeddable":true,"href":"https:\/\/www.clg-moliere-ivry.fr\/index.php?rest_route=%2Fwp%2Fv2%2Fcomments&post=609"}],"version-history":[{"count":0,"href":"https:\/\/www.clg-moliere-ivry.fr\/index.php?rest_route=\/wp\/v2\/posts\/609\/revisions"}],"wp:attachment":[{"href":"https:\/\/www.clg-moliere-ivry.fr\/index.php?rest_route=%2Fwp%2Fv2%2Fmedia&parent=609"}],"wp:term":[{"taxonomy":"category","embeddable":true,"href":"https:\/\/www.clg-moliere-ivry.fr\/index.php?rest_route=%2Fwp%2Fv2%2Fcategories&post=609"},{"taxonomy":"post_tag","embeddable":true,"href":"https:\/\/www.clg-moliere-ivry.fr\/index.php?rest_route=%2Fwp%2Fv2%2Ftags&post=609"}],"curies":[{"name":"wp","href":"https:\/\/api.w.org\/{rel}","templated":true}]}}