{"id":6110,"date":"2025-03-09T16:49:23","date_gmt":"2025-03-09T15:49:23","guid":{"rendered":"https:\/\/www.clg-moliere-ivry.fr\/?p=6110"},"modified":"2025-03-31T10:23:02","modified_gmt":"2025-03-31T08:23:02","slug":"la-vie-en-gros-avant-premiere-et-double-rencontre-pour-les-6a","status":"publish","type":"post","link":"https:\/\/www.clg-moliere-ivry.fr\/?p=6110","title":{"rendered":"La vie, en gros : avant-premi\u00e8re et double rencontre pour les 6A !"},"content":{"rendered":"\n<p>Nous avons pass\u00e9 l\u2019apr\u00e8s-midi du 11 f\u00e9vrier au Luxy pour rencontrer un auteur, une r\u00e9alisatrice et voir l&rsquo;avant premi\u00e8re d&rsquo;un film. Retour sur l&rsquo;histoire de cette demi-journ\u00e9e particuli\u00e8re.<\/p>\n\n\n\n<figure class=\"wp-block-image size-large is-resized is-style-rounded\"><img loading=\"lazy\" decoding=\"async\" width=\"768\" height=\"1024\" src=\"http:\/\/www.clg-moliere-ivry.fr\/wp-content\/uploads\/2025\/03\/1739365961769-768x1024.jpg\" alt=\"\" class=\"wp-image-6111\" style=\"width:446px;height:auto\" srcset=\"https:\/\/www.clg-moliere-ivry.fr\/wp-content\/uploads\/2025\/03\/1739365961769-768x1024.jpg 768w, https:\/\/www.clg-moliere-ivry.fr\/wp-content\/uploads\/2025\/03\/1739365961769-225x300.jpg 225w, https:\/\/www.clg-moliere-ivry.fr\/wp-content\/uploads\/2025\/03\/1739365961769-1152x1536.jpg 1152w, https:\/\/www.clg-moliere-ivry.fr\/wp-content\/uploads\/2025\/03\/1739365961769-1536x2048.jpg 1536w, https:\/\/www.clg-moliere-ivry.fr\/wp-content\/uploads\/2025\/03\/1739365961769-scaled.jpg 1920w\" sizes=\"(max-width: 768px) 100vw, 768px\" \/><\/figure>\n\n\n\n<div class=\"wp-block-columns is-layout-flex wp-container-core-columns-is-layout-1 wp-block-columns-is-layout-flex\">\n<div class=\"wp-block-column is-layout-flow wp-block-column-is-layout-flow\" style=\"flex-basis:100%\"><\/div>\n<\/div>\n\n\n\n<p>En classe, nous avons lu le livre<em> La vie , en gros<\/em> de Micka\u00ebl Olivier . Dans le livre, nous avons d\u00e9couvert la vie de Benjamin Poiret .<\/p>\n\n\n\n<p>Mardi 11 f\u00e9vrier, nous sommes all\u00e9s voir le film en avant-premi\u00e8re. A la suite du film nous avons pu faire la rencontre de Micka\u00ebl Olivier et de la r\u00e9alisatrice du film : Kristina Dufkova. Le film est fait avec des marionnettes. Nous avons pu faire aussi la rencontre d\u2019une des marionnettes Benjamin. <\/p>\n\n\n\n<figure class=\"wp-block-image size-large\"><img loading=\"lazy\" decoding=\"async\" width=\"768\" height=\"1024\" src=\"https:\/\/www.clg-moliere-ivry.fr\/wp-content\/uploads\/2025\/03\/1739365961759-768x1024.jpg\" alt=\"\" class=\"wp-image-6112\" srcset=\"https:\/\/www.clg-moliere-ivry.fr\/wp-content\/uploads\/2025\/03\/1739365961759-768x1024.jpg 768w, https:\/\/www.clg-moliere-ivry.fr\/wp-content\/uploads\/2025\/03\/1739365961759-225x300.jpg 225w, https:\/\/www.clg-moliere-ivry.fr\/wp-content\/uploads\/2025\/03\/1739365961759-1152x1536.jpg 1152w, https:\/\/www.clg-moliere-ivry.fr\/wp-content\/uploads\/2025\/03\/1739365961759-1536x2048.jpg 1536w, https:\/\/www.clg-moliere-ivry.fr\/wp-content\/uploads\/2025\/03\/1739365961759-scaled.jpg 1920w\" sizes=\"(max-width: 768px) 100vw, 768px\" \/><\/figure>\n\n\n\n<p>L\u00e0 bas nous avons pu les interviewer et leur poser des questions sur le film et autres&#8230; Nous trouvons que l\u2019id\u00e9e de mettre des marionnettes \u00e0 la place de vrais personnages ou dessins est g\u00e9niale.<\/p>\n\n\n\n<figure class=\"wp-block-image size-large\"><img loading=\"lazy\" decoding=\"async\" width=\"1024\" height=\"768\" src=\"https:\/\/www.clg-moliere-ivry.fr\/wp-content\/uploads\/2025\/03\/1739365961603-1024x768.jpg\" alt=\"\" class=\"wp-image-6113\" srcset=\"https:\/\/www.clg-moliere-ivry.fr\/wp-content\/uploads\/2025\/03\/1739365961603-1024x768.jpg 1024w, https:\/\/www.clg-moliere-ivry.fr\/wp-content\/uploads\/2025\/03\/1739365961603-300x225.jpg 300w, https:\/\/www.clg-moliere-ivry.fr\/wp-content\/uploads\/2025\/03\/1739365961603-768x576.jpg 768w, https:\/\/www.clg-moliere-ivry.fr\/wp-content\/uploads\/2025\/03\/1739365961603-1536x1152.jpg 1536w, https:\/\/www.clg-moliere-ivry.fr\/wp-content\/uploads\/2025\/03\/1739365961603-2048x1536.jpg 2048w\" sizes=\"(max-width: 1024px) 100vw, 1024px\" \/><\/figure>\n\n\n\n<p class=\"has-text-align-right\">Les \u00e9l\u00e8ves de 6A<\/p>\n\n\n\n<p>Retrouvez ci-dessous le journal de cette rencontre  :<\/p>\n\n\n<a href=\"https:\/\/www.clg-moliere-ivry.fr\/wp-content\/uploads\/2025\/03\/Journal-La-vie-en-gros.pdf\" class=\"pdfemb-viewer\" style=\"\" data-width=\"max\" data-height=\"max\" data-toolbar=\"top\" data-toolbar-fixed=\"on\">Journal-La-vie-en-gros<\/a>\n\n\n<p><\/p>\n","protected":false},"excerpt":{"rendered":"<p>Nous avons pass\u00e9 l\u2019apr\u00e8s-midi du 11 f\u00e9vrier au Luxy pour rencontrer un auteur, une r\u00e9alisatrice et voir l&rsquo;avant premi\u00e8re d&rsquo;un film. Retour sur l&rsquo;histoire de cette demi-journ\u00e9e particuli\u00e8re. En classe, nous avons lu le livre La vie , en gros de Micka\u00ebl Olivier . Dans le livre, nous avons d\u00e9couvert la vie de Benjamin Poiret [&hellip;]<\/p>\n","protected":false},"author":6,"featured_media":6112,"comment_status":"closed","ping_status":"open","sticky":false,"template":"","format":"standard","meta":{"footnotes":""},"categories":[117,1,13],"tags":[],"class_list":{"0":"post-6110","1":"post","2":"type-post","3":"status-publish","4":"format-standard","5":"has-post-thumbnail","7":"category-2024-2025","8":"category-non-classe","9":"category-vie","10":"czr-hentry"},"_links":{"self":[{"href":"https:\/\/www.clg-moliere-ivry.fr\/index.php?rest_route=\/wp\/v2\/posts\/6110"}],"collection":[{"href":"https:\/\/www.clg-moliere-ivry.fr\/index.php?rest_route=\/wp\/v2\/posts"}],"about":[{"href":"https:\/\/www.clg-moliere-ivry.fr\/index.php?rest_route=\/wp\/v2\/types\/post"}],"author":[{"embeddable":true,"href":"https:\/\/www.clg-moliere-ivry.fr\/index.php?rest_route=\/wp\/v2\/users\/6"}],"replies":[{"embeddable":true,"href":"https:\/\/www.clg-moliere-ivry.fr\/index.php?rest_route=%2Fwp%2Fv2%2Fcomments&post=6110"}],"version-history":[{"count":5,"href":"https:\/\/www.clg-moliere-ivry.fr\/index.php?rest_route=\/wp\/v2\/posts\/6110\/revisions"}],"predecessor-version":[{"id":6157,"href":"https:\/\/www.clg-moliere-ivry.fr\/index.php?rest_route=\/wp\/v2\/posts\/6110\/revisions\/6157"}],"wp:featuredmedia":[{"embeddable":true,"href":"https:\/\/www.clg-moliere-ivry.fr\/index.php?rest_route=\/wp\/v2\/media\/6112"}],"wp:attachment":[{"href":"https:\/\/www.clg-moliere-ivry.fr\/index.php?rest_route=%2Fwp%2Fv2%2Fmedia&parent=6110"}],"wp:term":[{"taxonomy":"category","embeddable":true,"href":"https:\/\/www.clg-moliere-ivry.fr\/index.php?rest_route=%2Fwp%2Fv2%2Fcategories&post=6110"},{"taxonomy":"post_tag","embeddable":true,"href":"https:\/\/www.clg-moliere-ivry.fr\/index.php?rest_route=%2Fwp%2Fv2%2Ftags&post=6110"}],"curies":[{"name":"wp","href":"https:\/\/api.w.org\/{rel}","templated":true}]}}