{"id":614,"date":"2015-12-17T21:14:02","date_gmt":"2015-12-17T21:14:02","guid":{"rendered":""},"modified":"2018-05-31T17:13:39","modified_gmt":"2018-05-31T15:13:39","slug":"la-classe-moliere-au-bois-dormant","status":"publish","type":"post","link":"https:\/\/www.clg-moliere-ivry.fr\/?p=614","title":{"rendered":"La classe Moli\u00e8re au bois dormant"},"content":{"rendered":"<p>Dans le cadre d&rsquo;un projet autour du conte, la classe Moli\u00e8re a assist\u00e9 \u00e0 la pi\u00e8ce <em>La Belle au bois dormant<\/em>, \u00e9crite et mise en sc\u00e8ne par Jean-Michel Rabeux. Voici le compte-rendu des \u00e9l\u00e8ves.<\/p>\n<p>&nbsp;<\/p>\n<p style=\"margin-bottom: 0cm; line-height: 100%;\">Jeudi 17 septembre on est all\u00e9s au th\u00e9\u00e2tre \u00e0 Vitry pour voir la belle au bois dormant. On a pris le bus 180.\u00a0(Costel)<\/p>\n<p style=\"margin-bottom: 0cm; line-height: 100%;\"><img loading=\"lazy\" decoding=\"async\" src=\"http:\/\/www.rabeux.fr\/cache\/widgetkit\/gallery\/64\/La%20Belle%20au%20bois%20dormant%20%C2%A9%20Ronan%20Thenadey%2006-d69d90d50c.jpg\" alt=\"La Belle au bois dormant \u00a9 Ronan Thenadey 06\" width=\"202\" height=\"202\" \/><\/p>\n<p style=\"margin-bottom: 0cm; line-height: 100%;\"><span style=\"text-decoration: underline;\">Ce que raconte la pi\u00e8ce et les diff\u00e9rences avec le conte de Perrault que nous avons lu en classe<\/span><\/p>\n<p style=\"margin-bottom: 0cm; line-height: 100%;\">C&rsquo;est dans la for\u00eat.<\/p>\n<p style=\"margin-bottom: 0cm; line-height: 100%;\">La princesse ne se pique pas en vrai. Elle dormira seulement pendant cent ans. La princesse s&rsquo;endort. Le prince arrive comme un rappeur. Le prince la r\u00e9veille avec un bisou.<\/p>\n<p style=\"margin-bottom: 0cm; line-height: 100%;\">Le prince n&rsquo;a pas de cheval. Il n&rsquo;y a pas de ch\u00e2teau, pas de f\u00eate.<\/p>\n<p style=\"margin-bottom: 0cm; line-height: 100%;\">L&rsquo;ogresse a des talons. Elle n est pas grande. Le mariage n&rsquo; est pas vraiment montr\u00e9.<\/p>\n<p style=\"text-indent: -0.1cm; margin-bottom: 0cm; line-height: 100%;\">L&rsquo;ogresse tombe dans la casserole. (Dimitrina, Kaiya, Modibo et Paula)<\/p>\n<p style=\"text-indent: -0.1cm; margin-bottom: 0cm; line-height: 100%;\"><img loading=\"lazy\" decoding=\"async\" src=\"http:\/\/www.rabeux.fr\/cache\/widgetkit\/gallery\/64\/La%20Belle%20au%20bois%20dormant%20%C2%A9%20Ronan%20Thenadey%2011-1e9c40337b.jpg\" alt=\"La Belle au bois dormant \u00a9 Ronan Thenadey 11\" width=\"197\" height=\"197\" \/><\/p>\n<p style=\"margin-bottom: 0cm; line-height: 100%;\"><span style=\"text-decoration: underline;\">Ce qui nous a plu<\/span><\/p>\n<p style=\"margin-bottom: 0cm; line-height: 100%;\">J&rsquo;aime le mariage parce que le prince et la princesse sont r\u00e9veill\u00e9s avec un bisou.<\/p>\n<p style=\"margin-bottom: 0cm; line-height: 100%;\">On a aim\u00e9 la salle car on \u00e9tait 350 spectateurs.<\/p>\n<p style=\"margin-bottom: 0cm; line-height: 100%;\">La princesse est belle, la musique est belle et la danse est belle.<\/p>\n<p style=\"margin-bottom: 0cm; line-height: 100%;\">Il y a des choses dr\u00f4les et l&rsquo;ogresse a des talons. (Danut, Ibza, Sharif et Silly)<\/p>\n<p style=\"margin-bottom: 0cm; line-height: 100%;\">\n<p style=\"margin-bottom: 0cm; line-height: 100%;\">photographies : Ronan Thenadey\u00a0<a href=\"http:\/\/www.rabeux.fr\/spectacles\/la-belle-au-bois-dormant.html\">http:\/\/www.rabeux.fr\/spectacles\/la-belle-au-bois-dormant.html<\/a><\/p>\n<p>&nbsp;<\/p>\n","protected":false},"excerpt":{"rendered":"<p>Dans le cadre d&rsquo;un projet autour du conte, la classe Moli\u00e8re a assist\u00e9 \u00e0 la pi\u00e8ce La Belle au bois dormant, \u00e9crite et mise en sc\u00e8ne par Jean-Michel Rabeux. Voici le compte-rendu des \u00e9l\u00e8ves. &nbsp; Jeudi 17 septembre on est all\u00e9s au th\u00e9\u00e2tre \u00e0 Vitry pour voir la belle au bois dormant. On a pris [&hellip;]<\/p>\n","protected":false},"author":1,"featured_media":1122,"comment_status":"closed","ping_status":"closed","sticky":false,"template":"","format":"standard","meta":{"footnotes":""},"categories":[46,27],"tags":[],"class_list":{"0":"post-614","1":"post","2":"type-post","3":"status-publish","4":"format-standard","5":"has-post-thumbnail","7":"category-archives","8":"category-classe-moliere","9":"czr-hentry"},"_links":{"self":[{"href":"https:\/\/www.clg-moliere-ivry.fr\/index.php?rest_route=\/wp\/v2\/posts\/614"}],"collection":[{"href":"https:\/\/www.clg-moliere-ivry.fr\/index.php?rest_route=\/wp\/v2\/posts"}],"about":[{"href":"https:\/\/www.clg-moliere-ivry.fr\/index.php?rest_route=\/wp\/v2\/types\/post"}],"author":[{"embeddable":true,"href":"https:\/\/www.clg-moliere-ivry.fr\/index.php?rest_route=\/wp\/v2\/users\/1"}],"replies":[{"embeddable":true,"href":"https:\/\/www.clg-moliere-ivry.fr\/index.php?rest_route=%2Fwp%2Fv2%2Fcomments&post=614"}],"version-history":[{"count":1,"href":"https:\/\/www.clg-moliere-ivry.fr\/index.php?rest_route=\/wp\/v2\/posts\/614\/revisions"}],"predecessor-version":[{"id":1123,"href":"https:\/\/www.clg-moliere-ivry.fr\/index.php?rest_route=\/wp\/v2\/posts\/614\/revisions\/1123"}],"wp:featuredmedia":[{"embeddable":true,"href":"https:\/\/www.clg-moliere-ivry.fr\/index.php?rest_route=\/wp\/v2\/media\/1122"}],"wp:attachment":[{"href":"https:\/\/www.clg-moliere-ivry.fr\/index.php?rest_route=%2Fwp%2Fv2%2Fmedia&parent=614"}],"wp:term":[{"taxonomy":"category","embeddable":true,"href":"https:\/\/www.clg-moliere-ivry.fr\/index.php?rest_route=%2Fwp%2Fv2%2Fcategories&post=614"},{"taxonomy":"post_tag","embeddable":true,"href":"https:\/\/www.clg-moliere-ivry.fr\/index.php?rest_route=%2Fwp%2Fv2%2Ftags&post=614"}],"curies":[{"name":"wp","href":"https:\/\/api.w.org\/{rel}","templated":true}]}}