{"id":635,"date":"2016-02-08T13:24:38","date_gmt":"2016-02-08T13:24:38","guid":{"rendered":""},"modified":"2023-03-09T15:24:58","modified_gmt":"2023-03-09T14:24:58","slug":"exposition-going-space-en-presence-de-lartiste","status":"publish","type":"post","link":"https:\/\/www.clg-moliere-ivry.fr\/?p=635","title":{"rendered":"Exposition Going Space en pr\u00e9sence de l&rsquo;artiste"},"content":{"rendered":"<p>Les \u00e9l\u00e8ves de l&rsquo;atelier Arts plastiques se sont rendus le mercredi 03 f\u00e9vrier 2016\u00a0 au CREDAC d&rsquo;Ivry afin de visiter l&rsquo;exposition Going Space de Caecilia Tripp qu&rsquo;ils ont eu la chance de rencontrer ensuite pour une interview exceptionnelle d&rsquo;une heure.<\/p>\n<p><img loading=\"lazy\" decoding=\"async\" style=\"margin: 10px;\" src=\"images\/ngoletto\/Credac_f\u00e9vrier_2016\/1.jpg\" alt=\"1\" width=\"500\" height=\"375\" \/><br \/>\n<em>Music for (prepared) Bicycles, 2012<\/em><\/p>\n<p>Cette exposition visuelle et sonore aborde les questions li\u00e9es \u00e0 l&rsquo;histoire de l&rsquo;immigration des peuples, ainsi les \u00e9l\u00e8ves ont pu d\u00e9couvrir un v\u00e9lo pr\u00e9par\u00e9 (qui fait de la musique, clin d\u2019\u0153il au piano pr\u00e9par\u00e9 du compositeur John Cage) venant de Bombay et qui a voyag\u00e9 sur plusieurs continents. Une vid\u00e9o issue de ces performances le montre notamment \u00e0 New-York sur les traces des migrations des peuples sur le continent Nord am\u00e9ricain.<\/p>\n<p><img loading=\"lazy\" decoding=\"async\" style=\"margin: 10px;\" src=\"images\/ngoletto\/Credac_f\u00e9vrier_2016\/4.jpg\" alt=\"4\" width=\"600\" height=\"800\" \/><br \/>\n<img loading=\"lazy\" decoding=\"async\" style=\"margin: 10px;\" src=\"images\/ngoletto\/Credac_f\u00e9vrier_2016\/3.jpg\" alt=\"3\" width=\"600\" height=\"800\" \/><br \/>\n<img loading=\"lazy\" decoding=\"async\" style=\"margin: 10px;\" src=\"images\/ngoletto\/Credac_f\u00e9vrier_2016\/2.jpg\" alt=\"2\" width=\"600\" height=\"800\" \/><br \/>\n<em>Une guitare inspir\u00e9e\u00a0 de la performance de Jimmy Hendrix \u00e0 Woodstock.<\/em><\/p>\n<p>Apr\u00e8s la visite de l&rsquo;exposition les \u00e9l\u00e8ves ont pr\u00e9par\u00e9 une interview de l&rsquo;artiste. Ils se sont pr\u00eat\u00e9s au jeu des questions. Ils ont travaill\u00e9 \u00e0 des questions en fran\u00e7ais, allemand et anglais; les trois langues parl\u00e9es par l&rsquo;artiste. Voici quelques questions pos\u00e9es par les \u00e9l\u00e8ves :<\/p>\n<p>\u00ab\u00a0D&rsquo;o\u00f9 vous vient votre int\u00e9r\u00eat pour la musique ?\u00a0\u00bb (Farida)<br \/>\n<em>\u00ab\u00a0La musique est une chose invisible, elle est le reflet de la cr\u00e9ation artistique o\u00f9 l&rsquo;on travaille avec le visible et l&rsquo;invisible<\/em>\u00a0\u00bb<\/p>\n<p>\u00ab\u00a0Qu&rsquo;est-ce qui vous a donn\u00e9 envie de faire de l&rsquo;art ?\u00a0\u00bb (Alexandre)<br \/>\n<em>\u00ab\u00a0C&rsquo;est la relation au monde, aux autres. L&rsquo;art est une mani\u00e8re de communiquer avec l&rsquo;autre. C&rsquo;est le r\u00e9sultat d&rsquo;un partage. C&rsquo;est aussi un espace de libert\u00e9, par exemple si on est enferm\u00e9 on est toujours libre dans sa t\u00eate, j&rsquo;aime cette libert\u00e9.\u00a0\u00bb<\/em><\/p>\n<p>\u00ab\u00a0Why do you make films ?\u00a0\u00bb (Marina) (Pourquoi faites-vous des films ?)<br \/>\n<em>\u00ab\u00a0I like to do films because you can mix the visible world with the invisible world&#8230;\u00a0\u00bb<\/em> <em>(Je fais des films car j&rsquo;aime la possibilit\u00e9 de pouvoir m\u00e9langer le visible et l&rsquo;invisible&#8230; Quand tu r\u00eaves ce n&rsquo;est visible que pour toi donc dans les films tu peux retranscrire le r\u00eave en r\u00e9alit\u00e9 et le partager avec les autres\u00a0\u00bb )<\/em><\/p>\n<p>\u00ab\u00a0Haben si Ihre Spende mit Ihrer Familie aufgeteilt\u00a0\u00bb (Marwa) (Avez-vous partag\u00e9 ce don artistique avec votre famille ?)<br \/>\n<em>\u00ab\u00a0Oui et non, mon p\u00e8re n&rsquo;\u00e9tait pas artiste mais il faisait beaucoup de photos en voyage que j&rsquo;utilise dans cette exposition. Donc d&rsquo;une certaine fa\u00e7on je partage ce don avec mes proches.<\/em>\u00a0\u00bb<\/p>\n<p>\u00ab\u00a0Quelles sont vos sources d&rsquo;inspiration ?\u00a0\u00bb (Jubel)<br \/>\n<em>\u00ab\u00a0Une de mes sources d&rsquo;inspiration est notamment l&rsquo;artiste Gordon Matta Clark.<\/em>\u00a0\u00bb<\/p>\n<p>\u00ab\u00a0Est-ce difficile de faire la musique de l&rsquo;exposition ?\u00a0\u00bb (Dimitrina)<br \/>\n<em>\u00ab\u00a0C&rsquo;\u00e9tait surtout de l&rsquo;improvisation, j&rsquo;ai travaill\u00e9 avec trois musiciens.<\/em>\u00a0\u00bb<\/p>\n<p><img loading=\"lazy\" decoding=\"async\" style=\"margin: 10px;\" src=\"images\/ngoletto\/Credac_f\u00e9vrier_2016\/5.jpg\" alt=\"5\" width=\"600\" height=\"450\" \/><br \/>\nA la fin les \u00e9l\u00e8ves sont repartis avec le tampon officiel de l&rsquo;exposition.<\/p>\n<p><img loading=\"lazy\" decoding=\"async\" style=\"margin: 10px;\" src=\"images\/ngoletto\/Credac_f\u00e9vrier_2016\/6.jpg\" alt=\"6\" width=\"500\" height=\"375\" \/><\/p>\n","protected":false},"excerpt":{"rendered":"<p>Les \u00e9l\u00e8ves de l&rsquo;atelier Arts plastiques se sont rendus le mercredi 03 f\u00e9vrier 2016\u00a0 au CREDAC d&rsquo;Ivry afin de visiter l&rsquo;exposition Going Space de Caecilia Tripp qu&rsquo;ils ont eu la chance de rencontrer ensuite pour une interview exceptionnelle d&rsquo;une heure. Music for (prepared) Bicycles, 2012 Cette exposition visuelle et sonore aborde les questions li\u00e9es \u00e0 [&hellip;]<\/p>\n","protected":false},"author":1,"featured_media":1073,"comment_status":"closed","ping_status":"closed","sticky":false,"template":"","format":"standard","meta":{"footnotes":""},"categories":[46,7],"tags":[],"class_list":{"0":"post-635","1":"post","2":"type-post","3":"status-publish","4":"format-standard","5":"has-post-thumbnail","7":"category-archives","8":"category-atelier-art-plastique","9":"czr-hentry"},"_links":{"self":[{"href":"https:\/\/www.clg-moliere-ivry.fr\/index.php?rest_route=\/wp\/v2\/posts\/635"}],"collection":[{"href":"https:\/\/www.clg-moliere-ivry.fr\/index.php?rest_route=\/wp\/v2\/posts"}],"about":[{"href":"https:\/\/www.clg-moliere-ivry.fr\/index.php?rest_route=\/wp\/v2\/types\/post"}],"author":[{"embeddable":true,"href":"https:\/\/www.clg-moliere-ivry.fr\/index.php?rest_route=\/wp\/v2\/users\/1"}],"replies":[{"embeddable":true,"href":"https:\/\/www.clg-moliere-ivry.fr\/index.php?rest_route=%2Fwp%2Fv2%2Fcomments&post=635"}],"version-history":[{"count":2,"href":"https:\/\/www.clg-moliere-ivry.fr\/index.php?rest_route=\/wp\/v2\/posts\/635\/revisions"}],"predecessor-version":[{"id":5182,"href":"https:\/\/www.clg-moliere-ivry.fr\/index.php?rest_route=\/wp\/v2\/posts\/635\/revisions\/5182"}],"wp:featuredmedia":[{"embeddable":true,"href":"https:\/\/www.clg-moliere-ivry.fr\/index.php?rest_route=\/wp\/v2\/media\/1073"}],"wp:attachment":[{"href":"https:\/\/www.clg-moliere-ivry.fr\/index.php?rest_route=%2Fwp%2Fv2%2Fmedia&parent=635"}],"wp:term":[{"taxonomy":"category","embeddable":true,"href":"https:\/\/www.clg-moliere-ivry.fr\/index.php?rest_route=%2Fwp%2Fv2%2Fcategories&post=635"},{"taxonomy":"post_tag","embeddable":true,"href":"https:\/\/www.clg-moliere-ivry.fr\/index.php?rest_route=%2Fwp%2Fv2%2Ftags&post=635"}],"curies":[{"name":"wp","href":"https:\/\/api.w.org\/{rel}","templated":true}]}}