{"id":637,"date":"2016-02-09T15:57:35","date_gmt":"2016-02-09T15:57:35","guid":{"rendered":""},"modified":"2018-06-01T11:47:14","modified_gmt":"2018-06-01T09:47:14","slug":"la-classe-moliere-decouvre-peau-dane","status":"publish","type":"post","link":"https:\/\/www.clg-moliere-ivry.fr\/?p=637","title":{"rendered":"La classe Moli\u00e8re d\u00e9couvre Peau d&rsquo;\u00e2ne"},"content":{"rendered":"<p>Dans le cadre d&rsquo;un partenariat avec le cin\u00e9ma Le Luxy et d&rsquo;un projet autour du conte, les \u00e9l\u00e8ves de la classe Moli\u00e8re sont all\u00e9s voir le film Peau d&rsquo;\u00e2ne de Jacques Demy.<\/p>\n<p>Retour sur leurs impressions :<\/p>\n<p>&nbsp;<\/p>\n<p style=\"margin-bottom: 0cm; line-height: 100%;\"><img loading=\"lazy\" decoding=\"async\" style=\"margin: 10px;\" src=\"images\/Mme_Hurtevent\/Peau_d\u00e2ne.jpg\" alt=\"Peau d\u00e2ne\" width=\"239\" height=\"340\" \/>On a aim\u00e9 beaucoup le film <span style=\"text-decoration: underline;\">Peau d&rsquo;\u00e2ne<\/span>.<\/p>\n<p style=\"margin-bottom: 0cm; line-height: 100%;\">J&rsquo;ai aim\u00e9 le r\u00eave du prince quand ils \u00e9taient tout blancs. ( Ibza)<\/p>\n<p style=\"margin-bottom: 0cm; line-height: 100%;\">J&rsquo;ai aim\u00e9 quand le prince a essay\u00e9 la bague \u00e0 toutes les filles et \u00e7a n&rsquo;a pas pu rentrer.<\/p>\n<p style=\"margin-bottom: 0cm; line-height: 100%;\">Quand Peau d&rsquo;\u00e2ne vient, la bague rentre.<\/p>\n<p style=\"margin-bottom: 0cm; line-height: 100%;\">J&rsquo;ai aim\u00e9 quan<span style=\"line-height: 100%; background-color: transparent;\">d le pe<\/span><span style=\"line-height: 100%; background-color: transparent;\">rroquet dit \u00ab\u00a0amour, amour\u00a0\u00bb. (Danut)<\/span><\/p>\n<p style=\"margin-bottom: 0cm; line-height: 100%;\">J&rsquo;ai aim\u00e9 la femme bizarre qui crache des grenouilles. (Kaiya)<\/p>\n<p style=\"margin-bottom: 0cm; line-height: 100%;\">J&rsquo;ai aim\u00e9 la rose qui parle. (Sahrif)<\/p>\n<p style=\"margin-bottom: 0cm; line-height: 100%;\">J&rsquo;ai aim\u00e9 quand la f\u00e9e change la couleur de sa robe en claquant des doigts. (Dimitrina)<\/p>\n<p style=\"margin-bottom: 0cm; line-height: 100%;\">J&rsquo;ai aim\u00e9 le jeu de mots quand le roi va demander la robe couleur de temps. (Alfousseyni)<\/p>\n<p>&nbsp;<\/p>\n","protected":false},"excerpt":{"rendered":"<p>Dans le cadre d&rsquo;un partenariat avec le cin\u00e9ma Le Luxy et d&rsquo;un projet autour du conte, les \u00e9l\u00e8ves de la classe Moli\u00e8re sont all\u00e9s voir le film Peau d&rsquo;\u00e2ne de Jacques Demy. Retour sur leurs impressions : &nbsp; On a aim\u00e9 beaucoup le film Peau d&rsquo;\u00e2ne. J&rsquo;ai aim\u00e9 le r\u00eave du prince quand ils \u00e9taient [&hellip;]<\/p>\n","protected":false},"author":1,"featured_media":1203,"comment_status":"closed","ping_status":"closed","sticky":false,"template":"","format":"standard","meta":{"footnotes":""},"categories":[46,27],"tags":[],"class_list":{"0":"post-637","1":"post","2":"type-post","3":"status-publish","4":"format-standard","5":"has-post-thumbnail","7":"category-archives","8":"category-classe-moliere","9":"czr-hentry"},"_links":{"self":[{"href":"https:\/\/www.clg-moliere-ivry.fr\/index.php?rest_route=\/wp\/v2\/posts\/637"}],"collection":[{"href":"https:\/\/www.clg-moliere-ivry.fr\/index.php?rest_route=\/wp\/v2\/posts"}],"about":[{"href":"https:\/\/www.clg-moliere-ivry.fr\/index.php?rest_route=\/wp\/v2\/types\/post"}],"author":[{"embeddable":true,"href":"https:\/\/www.clg-moliere-ivry.fr\/index.php?rest_route=\/wp\/v2\/users\/1"}],"replies":[{"embeddable":true,"href":"https:\/\/www.clg-moliere-ivry.fr\/index.php?rest_route=%2Fwp%2Fv2%2Fcomments&post=637"}],"version-history":[{"count":1,"href":"https:\/\/www.clg-moliere-ivry.fr\/index.php?rest_route=\/wp\/v2\/posts\/637\/revisions"}],"predecessor-version":[{"id":1204,"href":"https:\/\/www.clg-moliere-ivry.fr\/index.php?rest_route=\/wp\/v2\/posts\/637\/revisions\/1204"}],"wp:featuredmedia":[{"embeddable":true,"href":"https:\/\/www.clg-moliere-ivry.fr\/index.php?rest_route=\/wp\/v2\/media\/1203"}],"wp:attachment":[{"href":"https:\/\/www.clg-moliere-ivry.fr\/index.php?rest_route=%2Fwp%2Fv2%2Fmedia&parent=637"}],"wp:term":[{"taxonomy":"category","embeddable":true,"href":"https:\/\/www.clg-moliere-ivry.fr\/index.php?rest_route=%2Fwp%2Fv2%2Fcategories&post=637"},{"taxonomy":"post_tag","embeddable":true,"href":"https:\/\/www.clg-moliere-ivry.fr\/index.php?rest_route=%2Fwp%2Fv2%2Ftags&post=637"}],"curies":[{"name":"wp","href":"https:\/\/api.w.org\/{rel}","templated":true}]}}