{"id":648,"date":"2016-03-20T08:39:18","date_gmt":"2016-03-20T08:39:18","guid":{"rendered":""},"modified":"2016-03-20T08:39:18","modified_gmt":"2016-03-20T08:39:18","slug":"les-6emes-en-finale","status":"publish","type":"post","link":"https:\/\/www.clg-moliere-ivry.fr\/?p=648","title":{"rendered":"Les 6\u00e8mes en finale"},"content":{"rendered":"<p style=\"text-align: center;\"><span style=\"text-decoration: underline; font-family: arial,helvetica,sans-serif; font-size: 12pt; color: #ff0000;\"><strong>BRAVO A TOUTES ET A TOUS!<\/strong><\/span><\/p>\n<p><span style=\"font-size: 12pt; color: #0000ff; font-family: arial,helvetica,sans-serif;\">Toutes les classes de 6\u00e8mes ont particip\u00e9 ce mardi 15 Mars \u00e0 la finale du <span style=\"text-decoration: underline;\"><strong>Rallye Math\u00e9matiques de l&rsquo;IREM Paris Nord<\/strong><\/span>.<\/span><\/p>\n<p><span style=\"font-size: 12pt; color: #0000ff; font-family: arial,helvetica,sans-serif;\"><span style=\"text-decoration: underline;\"><strong>12 \u00e9quipes<\/strong><\/span> mixtes compos\u00e9es pour moiti\u00e9 de CM2 et pour moiti\u00e9 de 6\u00e8mes ont concouru dans l\u00a0\u00bbespace Robespierre avec s\u00e9rieux, rigueur et bonne humeur!!<\/span><\/p>\n<p><span style=\"font-size: 12pt; color: #0000ff; font-family: arial,helvetica,sans-serif;\">Il ne nous reste plus qu&rsquo;\u00e0 attendre le tableau d&rsquo;honneur qui sera publi\u00e9 dans la <span style=\"text-decoration: underline;\"><strong>Gazette de mai<\/strong> <\/span>sur le site de l&rsquo;IREM Paris-Nord.<\/span><\/p>\n<p><strong><span style=\"font-family: arial,helvetica,sans-serif; font-size: 12pt; color: #0000ff;\">Encore merci \u00e0 tous les professeurs accompagnateurs !!!<\/span><\/strong><\/p>\n","protected":false},"excerpt":{"rendered":"<p>BRAVO A TOUTES ET A TOUS! Toutes les classes de 6\u00e8mes ont particip\u00e9 ce mardi 15 Mars \u00e0 la finale du Rallye Math\u00e9matiques de l&rsquo;IREM Paris Nord. 12 \u00e9quipes mixtes compos\u00e9es pour moiti\u00e9 de CM2 et pour moiti\u00e9 de 6\u00e8mes ont concouru dans l\u00a0\u00bbespace Robespierre avec s\u00e9rieux, rigueur et bonne humeur!! Il ne nous reste [&hellip;]<\/p>\n","protected":false},"author":1,"featured_media":0,"comment_status":"closed","ping_status":"closed","sticky":false,"template":"","format":"standard","meta":{"footnotes":""},"categories":[46],"tags":[],"class_list":{"0":"post-648","1":"post","2":"type-post","3":"status-publish","4":"format-standard","6":"category-archives","7":"czr-hentry"},"_links":{"self":[{"href":"https:\/\/www.clg-moliere-ivry.fr\/index.php?rest_route=\/wp\/v2\/posts\/648"}],"collection":[{"href":"https:\/\/www.clg-moliere-ivry.fr\/index.php?rest_route=\/wp\/v2\/posts"}],"about":[{"href":"https:\/\/www.clg-moliere-ivry.fr\/index.php?rest_route=\/wp\/v2\/types\/post"}],"author":[{"embeddable":true,"href":"https:\/\/www.clg-moliere-ivry.fr\/index.php?rest_route=\/wp\/v2\/users\/1"}],"replies":[{"embeddable":true,"href":"https:\/\/www.clg-moliere-ivry.fr\/index.php?rest_route=%2Fwp%2Fv2%2Fcomments&post=648"}],"version-history":[{"count":0,"href":"https:\/\/www.clg-moliere-ivry.fr\/index.php?rest_route=\/wp\/v2\/posts\/648\/revisions"}],"wp:attachment":[{"href":"https:\/\/www.clg-moliere-ivry.fr\/index.php?rest_route=%2Fwp%2Fv2%2Fmedia&parent=648"}],"wp:term":[{"taxonomy":"category","embeddable":true,"href":"https:\/\/www.clg-moliere-ivry.fr\/index.php?rest_route=%2Fwp%2Fv2%2Fcategories&post=648"},{"taxonomy":"post_tag","embeddable":true,"href":"https:\/\/www.clg-moliere-ivry.fr\/index.php?rest_route=%2Fwp%2Fv2%2Ftags&post=648"}],"curies":[{"name":"wp","href":"https:\/\/api.w.org\/{rel}","templated":true}]}}