{"id":651,"date":"2016-03-28T13:26:07","date_gmt":"2016-03-28T13:26:07","guid":{"rendered":""},"modified":"2018-05-31T16:55:51","modified_gmt":"2018-05-31T14:55:51","slug":"les-6emes-e-votent-pour-le-8eme-prix-kilalu","status":"publish","type":"post","link":"https:\/\/www.clg-moliere-ivry.fr\/?p=651","title":{"rendered":"Les 6\u00e8mes E votent pour le 8\u00e8me prix Kilalu"},"content":{"rendered":"<p><span style=\"color: #ff6600;\"><strong>Le prix Kilalu 2016<\/strong><\/span><\/p>\n<p>Ce jeudi 24 mars, les 6\u00e8mes E ont vot\u00e9 pour \u00e9lire le gagnant du prix Kilalu. Le vote s&rsquo;est officiellement d\u00e9roul\u00e9 au CDI du coll\u00e8ge sous les yeux attentifs des deux biblioth\u00e9caires de la m\u00e9diath\u00e8que d&rsquo;Ivry Sur Seine, organisatrices du prix. Plus t\u00f4t dans la matin\u00e9e, les \u00e9l\u00e8ves de CM2 de l&rsquo;\u00e9cole primaire Guy M\u00f4quet, classe bin\u00f4me des 6\u00e8mes E, avaient fait leur choix. L&rsquo;urne utilis\u00e9e pour le vote sera ouverte le jour du d\u00e9pouillement \u00e0 la m\u00e9diath\u00e8que le mardi\u00a0 12 avril. <img loading=\"lazy\" decoding=\"async\" style=\"margin: 10px;\" src=\"images\/valraimbault\/Photo__4_Vote_Kilalu_2016.jpeg\" alt=\"Photo 4 Vote Kilalu 2016\" width=\"338\" height=\"190\" \/><img loading=\"lazy\" decoding=\"async\" style=\"margin: 10px;\" src=\"images\/valraimbault\/Photo_2_Vote_Kilalu_2016.jpeg\" alt=\"Photo 2 Vote Kilalu 2016\" width=\"247\" height=\"436\" \/><img loading=\"lazy\" decoding=\"async\" style=\"margin: 10px;\" src=\"images\/valraimbault\/Photo_1_Vote_Kilalu_2016.jpeg\" alt=\"Photo 1 Vote Kilalu 2016\" width=\"562\" height=\"315\" \/><\/p>\n","protected":false},"excerpt":{"rendered":"<p>Le prix Kilalu 2016 Ce jeudi 24 mars, les 6\u00e8mes E ont vot\u00e9 pour \u00e9lire le gagnant du prix Kilalu. Le vote s&rsquo;est officiellement d\u00e9roul\u00e9 au CDI du coll\u00e8ge sous les yeux attentifs des deux biblioth\u00e9caires de la m\u00e9diath\u00e8que d&rsquo;Ivry Sur Seine, organisatrices du prix. Plus t\u00f4t dans la matin\u00e9e, les \u00e9l\u00e8ves de CM2 de [&hellip;]<\/p>\n","protected":false},"author":1,"featured_media":1097,"comment_status":"closed","ping_status":"closed","sticky":false,"template":"","format":"standard","meta":{"footnotes":""},"categories":[46,50],"tags":[],"class_list":{"0":"post-651","1":"post","2":"type-post","3":"status-publish","4":"format-standard","5":"has-post-thumbnail","7":"category-archives","8":"category-cdi","9":"czr-hentry"},"_links":{"self":[{"href":"https:\/\/www.clg-moliere-ivry.fr\/index.php?rest_route=\/wp\/v2\/posts\/651"}],"collection":[{"href":"https:\/\/www.clg-moliere-ivry.fr\/index.php?rest_route=\/wp\/v2\/posts"}],"about":[{"href":"https:\/\/www.clg-moliere-ivry.fr\/index.php?rest_route=\/wp\/v2\/types\/post"}],"author":[{"embeddable":true,"href":"https:\/\/www.clg-moliere-ivry.fr\/index.php?rest_route=\/wp\/v2\/users\/1"}],"replies":[{"embeddable":true,"href":"https:\/\/www.clg-moliere-ivry.fr\/index.php?rest_route=%2Fwp%2Fv2%2Fcomments&post=651"}],"version-history":[{"count":1,"href":"https:\/\/www.clg-moliere-ivry.fr\/index.php?rest_route=\/wp\/v2\/posts\/651\/revisions"}],"predecessor-version":[{"id":1098,"href":"https:\/\/www.clg-moliere-ivry.fr\/index.php?rest_route=\/wp\/v2\/posts\/651\/revisions\/1098"}],"wp:featuredmedia":[{"embeddable":true,"href":"https:\/\/www.clg-moliere-ivry.fr\/index.php?rest_route=\/wp\/v2\/media\/1097"}],"wp:attachment":[{"href":"https:\/\/www.clg-moliere-ivry.fr\/index.php?rest_route=%2Fwp%2Fv2%2Fmedia&parent=651"}],"wp:term":[{"taxonomy":"category","embeddable":true,"href":"https:\/\/www.clg-moliere-ivry.fr\/index.php?rest_route=%2Fwp%2Fv2%2Fcategories&post=651"},{"taxonomy":"post_tag","embeddable":true,"href":"https:\/\/www.clg-moliere-ivry.fr\/index.php?rest_route=%2Fwp%2Fv2%2Ftags&post=651"}],"curies":[{"name":"wp","href":"https:\/\/api.w.org\/{rel}","templated":true}]}}