{"id":668,"date":"2016-06-18T20:41:12","date_gmt":"2016-06-18T20:41:12","guid":{"rendered":""},"modified":"2016-06-18T20:41:12","modified_gmt":"2016-06-18T20:41:12","slug":"ivryens-et-indiens","status":"publish","type":"post","link":"https:\/\/www.clg-moliere-ivry.fr\/?p=668","title":{"rendered":"Ivryens et Indiens"},"content":{"rendered":"<p>Au terme d&rsquo;une s\u00e9ance p\u00e9dagogique interlangue Anglais-Espagnol sur les civilisations pr\u00e9colombiennes, les 3D ont visit\u00e9 l&rsquo;espace Am\u00e9riques du Mus\u00e9e du Quai Branly. <br \/><img loading=\"lazy\" decoding=\"async\" style=\"margin: 10px;\" alt=\"1\" src=\"images\/Nandre-poyaud\/Quai_Branly\/1.jpg\" height=\"666\" width=\"500\" \/><img loading=\"lazy\" decoding=\"async\" style=\"margin: 10px;\" alt=\"2\" src=\"images\/Nandre-poyaud\/Quai_Branly\/2.jpg\" height=\"375\" width=\"500\" \/><br \/>Les \u00e9l\u00e8ves se sont demand\u00e9 en classe si ces civilisations \u00e9taient primitives ou d\u00e9velopp\u00e9es et ils ont pu d\u00e9couvrir la richesse de ces cultures \u00e0 travers des documents vid\u00e9os, des photos, des textes,&#8230;<\/p>\n<p>Lors de cette visite cont\u00e9e, les \u00e9l\u00e8ves ont appr\u00e9ci\u00e9 les l\u00e9gendes venues de cette femme continent&#8230;<\/p>\n<p><img loading=\"lazy\" decoding=\"async\" style=\"margin: 10px;\" alt=\"3\" src=\"images\/Nandre-poyaud\/Quai_Branly\/3.jpg\" height=\"375\" width=\"500\" \/><br \/><em>L\u00e9gende d&rsquo;Alastz : la licorne des mers<br \/><img loading=\"lazy\" decoding=\"async\" style=\"margin: 10px;\" alt=\"4\" src=\"images\/Nandre-poyaud\/Quai_Branly\/4.jpg\" height=\"504\" width=\"684\" \/><br \/>L\u00e9gende des Indiens des plaines, la m\u00e8re Kone et les couleurs<br \/><img loading=\"lazy\" decoding=\"async\" style=\"margin: 10px;\" alt=\"5\" src=\"images\/Nandre-poyaud\/Quai_Branly\/5.jpg\" height=\"300\" width=\"400\" \/><br \/>L\u00e9gende d&rsquo;Amazonie, Cuylum et le feu<br \/><img loading=\"lazy\" decoding=\"async\" style=\"margin: 10px;\" alt=\"8\" src=\"images\/Nandre-poyaud\/Quai_Branly\/8.jpg\" height=\"375\" width=\"500\" \/><br \/><img loading=\"lazy\" decoding=\"async\" style=\"margin: 10px;\" alt=\"7\" src=\"images\/Nandre-poyaud\/Quai_Branly\/7.jpg\" height=\"533\" width=\"400\" \/><\/p>\n<p><\/em>Apr\u00e8s le d\u00e9jeuner dans les Tuileries et l&rsquo;orage \u00ab\u00a0tropical\u00a0\u00bb, les \u00e9l\u00e8ves ont pu profiter de l&rsquo;installation de JR sur la pyramide du Louvre.<br \/><img loading=\"lazy\" decoding=\"async\" style=\"margin: 10px;\" alt=\"11\" src=\"images\/Nandre-poyaud\/Quai_Branly\/11.jpg\" height=\"525\" width=\"700\" \/><br \/><img loading=\"lazy\" decoding=\"async\" style=\"margin: 10px;\" alt=\"13\" src=\"images\/Nandre-poyaud\/Quai_Branly\/13.jpg\" height=\"533\" width=\"400\" \/><\/p>\n<p><img loading=\"lazy\" decoding=\"async\" style=\"margin: 10px;\" alt=\"15\" src=\"images\/Nandre-poyaud\/Quai_Branly\/15.jpg\" height=\"525\" width=\"700\" \/><br \/><img loading=\"lazy\" decoding=\"async\" style=\"margin: 10px;\" alt=\"16\" src=\"images\/Nandre-poyaud\/Quai_Branly\/16.jpg\" height=\"525\" width=\"700\" \/><br \/><img loading=\"lazy\" decoding=\"async\" style=\"margin: 10px;\" alt=\"17\" src=\"images\/Nandre-poyaud\/Quai_Branly\/17.jpg\" height=\"533\" width=\"400\" \/><\/p>\n","protected":false},"excerpt":{"rendered":"<p>Au terme d&rsquo;une s\u00e9ance p\u00e9dagogique interlangue Anglais-Espagnol sur les civilisations pr\u00e9colombiennes, les 3D ont visit\u00e9 l&rsquo;espace Am\u00e9riques du Mus\u00e9e du Quai Branly. Les \u00e9l\u00e8ves se sont demand\u00e9 en classe si ces civilisations \u00e9taient primitives ou d\u00e9velopp\u00e9es et ils ont pu d\u00e9couvrir la richesse de ces cultures \u00e0 travers des documents vid\u00e9os, des photos, des textes,&#8230; [&hellip;]<\/p>\n","protected":false},"author":1,"featured_media":0,"comment_status":"closed","ping_status":"closed","sticky":false,"template":"","format":"standard","meta":{"footnotes":""},"categories":[46],"tags":[],"class_list":{"0":"post-668","1":"post","2":"type-post","3":"status-publish","4":"format-standard","6":"category-archives","7":"czr-hentry"},"_links":{"self":[{"href":"https:\/\/www.clg-moliere-ivry.fr\/index.php?rest_route=\/wp\/v2\/posts\/668"}],"collection":[{"href":"https:\/\/www.clg-moliere-ivry.fr\/index.php?rest_route=\/wp\/v2\/posts"}],"about":[{"href":"https:\/\/www.clg-moliere-ivry.fr\/index.php?rest_route=\/wp\/v2\/types\/post"}],"author":[{"embeddable":true,"href":"https:\/\/www.clg-moliere-ivry.fr\/index.php?rest_route=\/wp\/v2\/users\/1"}],"replies":[{"embeddable":true,"href":"https:\/\/www.clg-moliere-ivry.fr\/index.php?rest_route=%2Fwp%2Fv2%2Fcomments&post=668"}],"version-history":[{"count":0,"href":"https:\/\/www.clg-moliere-ivry.fr\/index.php?rest_route=\/wp\/v2\/posts\/668\/revisions"}],"wp:attachment":[{"href":"https:\/\/www.clg-moliere-ivry.fr\/index.php?rest_route=%2Fwp%2Fv2%2Fmedia&parent=668"}],"wp:term":[{"taxonomy":"category","embeddable":true,"href":"https:\/\/www.clg-moliere-ivry.fr\/index.php?rest_route=%2Fwp%2Fv2%2Fcategories&post=668"},{"taxonomy":"post_tag","embeddable":true,"href":"https:\/\/www.clg-moliere-ivry.fr\/index.php?rest_route=%2Fwp%2Fv2%2Ftags&post=668"}],"curies":[{"name":"wp","href":"https:\/\/api.w.org\/{rel}","templated":true}]}}