{"id":721,"date":"2017-04-18T10:36:50","date_gmt":"2017-04-18T10:36:50","guid":{"rendered":""},"modified":"2018-05-31T10:54:22","modified_gmt":"2018-05-31T08:54:22","slug":"cest-lhistoire-dun-chanteur-spectacle-des-eleves-de-la-classe-moliere","status":"publish","type":"post","link":"https:\/\/www.clg-moliere-ivry.fr\/?p=721","title":{"rendered":"C&rsquo;est l&rsquo;histoire d&rsquo;un chanteur&#8230; spectacle des \u00e9l\u00e8ves de la classe Moli\u00e8re"},"content":{"rendered":"<p>Jeudi 30 mars au lyc\u00e9e Fernand L\u00e9ger, les \u00e9l\u00e8ves de la classe Moli\u00e8re ont pr\u00e9sent\u00e9 le spectacle musical qu&rsquo;ils ont con\u00e7u pendant un atelier d&rsquo;un mois et demi avec l&rsquo;artiste Elie Guillou. Ils ont racont\u00e9 et chant\u00e9 l&rsquo;histoire de Nicolas Fateh Ali Diabat\u00e9 devant la classe d&rsquo;UPE2A du lyc\u00e9e et les adultes \u00e9l\u00e8ves du GRETA.<\/p>\n<p><img loading=\"lazy\" decoding=\"async\" style=\"margin: 10px;\" src=\"images\/Mme_Hurtevent\/photo_\u00e0_retenir.JPG\" alt=\"photo \u00e0 retenir\" width=\"700\" height=\"525\" \/><\/p>\n<p>Voici leurs impressions :<\/p>\n<p>&nbsp;<\/p>\n<p style=\"margin-bottom: 0cm; line-height: 100%;\">On est all\u00e9 au spectacle du lyc\u00e9e Fernand L\u00e9ger. On a chant\u00e9 ensemble devant des spectateurs. Vraiment on \u00e9tait timides parce que c&rsquo;est difficile parce que c&rsquo;est la premi\u00e8re fois qu&rsquo;on fait un spectacle.<\/p>\n<p style=\"margin-bottom: 0cm; line-height: 100%;\">Les \u00e9l\u00e8ves de l&rsquo;autre classe sont timides aussi. Ils racontent comment ils vivent<\/p>\n<p style=\"margin-bottom: 0cm; line-height: 100%;\">Les spectateurs ont rigol\u00e9 et ils<span style=\"background-color: transparent;\">\u00a0ont appris beaucoup de choses gr\u00e2ce \u00e0 nous\u00a0!<\/span><\/p>\n<p>&nbsp;<\/p>\n<p>&nbsp;<\/p>\n<p>Vous pouvez \u00e9couter l&rsquo;enregistrement du spectacle ici :<\/p>\n<p><a href=\"https:\/\/drive.google.com\/open?id=0BzhcpMy_CYh-b0p1aVpEaVo4WjA\">https:\/\/drive.google.com\/open?id=0BzhcpMy_CYh-b0p1aVpEaVo4WjA<\/a><\/p>\n","protected":false},"excerpt":{"rendered":"<p>Jeudi 30 mars au lyc\u00e9e Fernand L\u00e9ger, les \u00e9l\u00e8ves de la classe Moli\u00e8re ont pr\u00e9sent\u00e9 le spectacle musical qu&rsquo;ils ont con\u00e7u pendant un atelier d&rsquo;un mois et demi avec l&rsquo;artiste Elie Guillou. Ils ont racont\u00e9 et chant\u00e9 l&rsquo;histoire de Nicolas Fateh Ali Diabat\u00e9 devant la classe d&rsquo;UPE2A du lyc\u00e9e et les adultes \u00e9l\u00e8ves du GRETA. [&hellip;]<\/p>\n","protected":false},"author":1,"featured_media":997,"comment_status":"closed","ping_status":"closed","sticky":false,"template":"","format":"standard","meta":{"footnotes":""},"categories":[46,27],"tags":[],"class_list":{"0":"post-721","1":"post","2":"type-post","3":"status-publish","4":"format-standard","5":"has-post-thumbnail","7":"category-archives","8":"category-classe-moliere","9":"czr-hentry"},"_links":{"self":[{"href":"https:\/\/www.clg-moliere-ivry.fr\/index.php?rest_route=\/wp\/v2\/posts\/721"}],"collection":[{"href":"https:\/\/www.clg-moliere-ivry.fr\/index.php?rest_route=\/wp\/v2\/posts"}],"about":[{"href":"https:\/\/www.clg-moliere-ivry.fr\/index.php?rest_route=\/wp\/v2\/types\/post"}],"author":[{"embeddable":true,"href":"https:\/\/www.clg-moliere-ivry.fr\/index.php?rest_route=\/wp\/v2\/users\/1"}],"replies":[{"embeddable":true,"href":"https:\/\/www.clg-moliere-ivry.fr\/index.php?rest_route=%2Fwp%2Fv2%2Fcomments&post=721"}],"version-history":[{"count":1,"href":"https:\/\/www.clg-moliere-ivry.fr\/index.php?rest_route=\/wp\/v2\/posts\/721\/revisions"}],"predecessor-version":[{"id":998,"href":"https:\/\/www.clg-moliere-ivry.fr\/index.php?rest_route=\/wp\/v2\/posts\/721\/revisions\/998"}],"wp:featuredmedia":[{"embeddable":true,"href":"https:\/\/www.clg-moliere-ivry.fr\/index.php?rest_route=\/wp\/v2\/media\/997"}],"wp:attachment":[{"href":"https:\/\/www.clg-moliere-ivry.fr\/index.php?rest_route=%2Fwp%2Fv2%2Fmedia&parent=721"}],"wp:term":[{"taxonomy":"category","embeddable":true,"href":"https:\/\/www.clg-moliere-ivry.fr\/index.php?rest_route=%2Fwp%2Fv2%2Fcategories&post=721"},{"taxonomy":"post_tag","embeddable":true,"href":"https:\/\/www.clg-moliere-ivry.fr\/index.php?rest_route=%2Fwp%2Fv2%2Ftags&post=721"}],"curies":[{"name":"wp","href":"https:\/\/api.w.org\/{rel}","templated":true}]}}