{"id":739,"date":"2017-06-14T09:58:18","date_gmt":"2017-06-14T09:58:18","guid":{"rendered":""},"modified":"2023-04-03T11:38:12","modified_gmt":"2023-04-03T09:38:12","slug":"lepi-heros-epique-leneide-en-mosaique","status":"publish","type":"post","link":"https:\/\/www.clg-moliere-ivry.fr\/?p=739","title":{"rendered":"L&rsquo;EPI h\u00e9ros \u00e9pique : L&rsquo;En\u00e9ide en mosa\u00efque"},"content":{"rendered":"<p><img loading=\"lazy\" decoding=\"async\" style=\"margin: 10px auto; display: block;\" src=\"images\/ngoletto\/Mosa\u00efque\/bis.jpg\" alt=\"bis\" width=\"500\" height=\"375\" \/><img loading=\"lazy\" decoding=\"async\" style=\"margin: 10px auto; display: block;\" src=\"images\/ngoletto\/Mosa\u00efque\/2.jpg\" alt=\"2\" width=\"500\" height=\"375\" \/><\/p>\n<p>Au semestre 2, les \u00e9l\u00e8ves de 5\u00e8mes A et B ont commenc\u00e9 un EPI. Cet EPI consistait notamment \u00e0 cr\u00e9er des mosa\u00efques avec des bouts de papiers recycl\u00e9s. Ces mosa\u00efques repr\u00e9sentent des sc\u00e8nes dans l\u2019\u00c9n\u00e9ide. L&rsquo;En\u00e9ide est une \u00e9pop\u00e9e \u00e9crite par Virgile \u00e0 la fin du 1er si\u00e8cle apr\u00e8s J.C, elle raconte les aventures d&rsquo;En\u00e9e et son voyage depuis Troie jusqu&rsquo;\u00e0 l&rsquo;Italie.<br \/>\nNous \u00e9tions r\u00e9partis en groupes et chaque groupe devait travailler sur un \u00e9pisode de l&rsquo;En\u00e9ide.<\/p>\n<p>Les enseignants nous ont demand\u00e9 de collecter du papier avec de beaux motifs. Avec le professeurs d&rsquo;arts plastiques nous avons d&rsquo;abord dessin\u00e9 la mosa\u00efque en respectant l&rsquo;effet de profondeur (il faut dessiner plus gros au premier plan et plus petit derri\u00e8re au second et arri\u00e8re plan). Sur la mosa\u00efque nous avons laiss\u00e9 au bas de la feuille une ligne blanche servant \u00e0 coller nos textes. Apr\u00e8s avoir termin\u00e9 le dessin nous avons\u00a0 coup\u00e9 en morceaux les papiers que nous avions apport\u00e9s et nous les avons coll\u00e9s en laissant un peu de blanc afin que cela ressemble le plus possible \u00e0 une mosa\u00efque.\u00a0 Enfin, les professeurs ont coll\u00e9 le texte sur la mosa\u00efque et ont fix\u00e9 la mosa\u00efque sur les murs du coll\u00e8ge.<\/p>\n<p>Mathis Bord et Yani Kechit<\/p>\n<p><img loading=\"lazy\" decoding=\"async\" style=\"margin: 10px;\" src=\"images\/ngoletto\/Mosa\u00efque\/3.jpg\" alt=\"3\" width=\"300\" height=\"225\" \/><img loading=\"lazy\" decoding=\"async\" style=\"margin: 10px;\" src=\"images\/ngoletto\/Mosa\u00efque\/4.jpg\" alt=\"4\" width=\"300\" height=\"209\" \/><img loading=\"lazy\" decoding=\"async\" style=\"margin: 10px;\" src=\"images\/ngoletto\/Mosa\u00efque\/5.jpg\" alt=\"5\" width=\"300\" height=\"225\" \/><img loading=\"lazy\" decoding=\"async\" style=\"margin: 10px;\" src=\"images\/ngoletto\/Mosa\u00efque\/6.jpg\" alt=\"6\" width=\"300\" height=\"225\" \/><\/p>\n<p>Pour voir l&rsquo;int\u00e9gralit\u00e9 des r\u00e9alisations en d\u00e9tail, \u00e9pisode par \u00e9pisode, rendez-vous sur le palier du 3\u00e8me \u00e9tage.<\/p>\n<p>EPI r\u00e9ussi \ud83d\ude42<\/p>\n","protected":false},"excerpt":{"rendered":"<p>Au semestre 2, les \u00e9l\u00e8ves de 5\u00e8mes A et B ont commenc\u00e9 un EPI. Cet EPI consistait notamment \u00e0 cr\u00e9er des mosa\u00efques avec des bouts de papiers recycl\u00e9s. Ces mosa\u00efques repr\u00e9sentent des sc\u00e8nes dans l\u2019\u00c9n\u00e9ide. L&rsquo;En\u00e9ide est une \u00e9pop\u00e9e \u00e9crite par Virgile \u00e0 la fin du 1er si\u00e8cle apr\u00e8s J.C, elle raconte les aventures d&rsquo;En\u00e9e [&hellip;]<\/p>\n","protected":false},"author":33,"featured_media":921,"comment_status":"closed","ping_status":"closed","sticky":false,"template":"","format":"standard","meta":{"footnotes":""},"categories":[46],"tags":[],"class_list":{"0":"post-739","1":"post","2":"type-post","3":"status-publish","4":"format-standard","5":"has-post-thumbnail","7":"category-archives","8":"czr-hentry"},"_links":{"self":[{"href":"https:\/\/www.clg-moliere-ivry.fr\/index.php?rest_route=\/wp\/v2\/posts\/739"}],"collection":[{"href":"https:\/\/www.clg-moliere-ivry.fr\/index.php?rest_route=\/wp\/v2\/posts"}],"about":[{"href":"https:\/\/www.clg-moliere-ivry.fr\/index.php?rest_route=\/wp\/v2\/types\/post"}],"author":[{"embeddable":true,"href":"https:\/\/www.clg-moliere-ivry.fr\/index.php?rest_route=\/wp\/v2\/users\/33"}],"replies":[{"embeddable":true,"href":"https:\/\/www.clg-moliere-ivry.fr\/index.php?rest_route=%2Fwp%2Fv2%2Fcomments&post=739"}],"version-history":[{"count":2,"href":"https:\/\/www.clg-moliere-ivry.fr\/index.php?rest_route=\/wp\/v2\/posts\/739\/revisions"}],"predecessor-version":[{"id":5174,"href":"https:\/\/www.clg-moliere-ivry.fr\/index.php?rest_route=\/wp\/v2\/posts\/739\/revisions\/5174"}],"wp:featuredmedia":[{"embeddable":true,"href":"https:\/\/www.clg-moliere-ivry.fr\/index.php?rest_route=\/wp\/v2\/media\/921"}],"wp:attachment":[{"href":"https:\/\/www.clg-moliere-ivry.fr\/index.php?rest_route=%2Fwp%2Fv2%2Fmedia&parent=739"}],"wp:term":[{"taxonomy":"category","embeddable":true,"href":"https:\/\/www.clg-moliere-ivry.fr\/index.php?rest_route=%2Fwp%2Fv2%2Fcategories&post=739"},{"taxonomy":"post_tag","embeddable":true,"href":"https:\/\/www.clg-moliere-ivry.fr\/index.php?rest_route=%2Fwp%2Fv2%2Ftags&post=739"}],"curies":[{"name":"wp","href":"https:\/\/api.w.org\/{rel}","templated":true}]}}